{"id":295462,"date":"2023-06-21T10:04:22","date_gmt":"2023-06-21T08:04:22","guid":{"rendered":"https:\/\/www.igr.univ-rennes.fr\/?p=295462"},"modified":"2023-06-21T16:55:24","modified_gmt":"2023-06-21T14:55:24","slug":"lassemblee-generale-de-reference-rh-a-saint-malo","status":"publish","type":"post","link":"https:\/\/www.igr.univ-rennes.fr\/fr\/lassemblee-generale-de-reference-rh-a-saint-malo\/","title":{"rendered":"L&rsquo;Assembl\u00e9e G\u00e9n\u00e9rale de R\u00e9f\u00e9rence RH \u00e0 Saint-Malo"},"content":{"rendered":"\t\t<div data-elementor-type=\"wp-post\" data-elementor-id=\"295462\" class=\"elementor elementor-295462\">\n\t\t\t\t\t\t\t\t\t<section class=\"elementor-section elementor-top-section elementor-element elementor-element-97ca151 elementor-section-boxed elementor-section-height-default elementor-section-height-default\" data-id=\"97ca151\" data-element_type=\"section\">\n\t\t\t\t\t\t<div class=\"elementor-container elementor-column-gap-default\">\n\t\t\t\t\t<div class=\"elementor-column elementor-col-100 elementor-top-column elementor-element elementor-element-604bf8a\" data-id=\"604bf8a\" data-element_type=\"column\">\n\t\t\t<div class=\"elementor-widget-wrap elementor-element-populated\">\n\t\t\t\t\t\t\t\t<div class=\"elementor-element elementor-element-45a9bda elementor-widget elementor-widget-text-editor\" data-id=\"45a9bda\" data-element_type=\"widget\" data-widget_type=\"text-editor.default\">\n\t\t\t\t<div class=\"elementor-widget-container\">\n\t\t\t\t\t\t\t<p>L&rsquo;\u00e9quipe d&rsquo;enseignants-chercheurs en Gestion des Ressources Humaines de l&rsquo;IGR-IAE Rennes a le plaisir de recevoir les membres de <a href=\"https:\/\/www.reference-rh.org\/\" target=\"_blank\" rel=\"noopener\">R\u00e9f\u00e9rence RH<\/a>, l&rsquo;association acad\u00e9mique qui regroupe une quarantaine de masters RH pour son <strong>Assembl\u00e9e G\u00e9n\u00e9rale<\/strong> qui se d\u00e9roulera cette ann\u00e9e \u00e0 Saint-Malo.<\/p><p>Cette ann\u00e9e, l\u2019Assembl\u00e9e G\u00e9n\u00e9rale de R\u00e9f\u00e9rence RH sera organis\u00e9e les <strong>22 et 23 juin 2023<\/strong> sur le th\u00e8me \u201c<strong>GRH, transitions \u00e9cologiques et sociales<\/strong>\u201d<\/p>\t\t\t\t\t\t<\/div>\n\t\t\t\t<\/div>\n\t\t\t\t\t<\/div>\n\t\t<\/div>\n\t\t\t\t\t\t\t<\/div>\n\t\t<\/section>\n\t\t\t\t<section class=\"elementor-section elementor-top-section elementor-element elementor-element-5d2b5f1 elementor-section-boxed elementor-section-height-default elementor-section-height-default\" data-id=\"5d2b5f1\" data-element_type=\"section\">\n\t\t\t\t\t\t<div class=\"elementor-container elementor-column-gap-default\">\n\t\t\t\t\t<div class=\"elementor-column elementor-col-50 elementor-top-column elementor-element elementor-element-a7e5ea7\" data-id=\"a7e5ea7\" data-element_type=\"column\">\n\t\t\t<div class=\"elementor-widget-wrap elementor-element-populated\">\n\t\t\t\t\t\t\t\t<div class=\"elementor-element elementor-element-cae1482 elementor-align-center elementor-widget elementor-widget-button\" data-id=\"cae1482\" data-element_type=\"widget\" data-widget_type=\"button.default\">\n\t\t\t\t<div class=\"elementor-widget-container\">\n\t\t\t\t\t<div class=\"elementor-button-wrapper\">\n\t\t\t<a class=\"elementor-button elementor-button-link elementor-size-sm\" href=\"https:\/\/www.igr.univ-rennes.fr\/wp-content\/uploads\/2023\/03\/Programme-complet-AG-REFERENCE-RH-2023.pdf\" target=\"_blank\">\n\t\t\t\t\t\t<span class=\"elementor-button-content-wrapper\">\n\t\t\t\t\t\t<span class=\"elementor-button-text\">Programme<\/span>\n\t\t<\/span>\n\t\t\t\t\t<\/a>\n\t\t<\/div>\n\t\t\t\t<\/div>\n\t\t\t\t<\/div>\n\t\t\t\t\t<\/div>\n\t\t<\/div>\n\t\t\t\t<div class=\"elementor-column elementor-col-50 elementor-top-column elementor-element elementor-element-acecee0\" data-id=\"acecee0\" data-element_type=\"column\">\n\t\t\t<div class=\"elementor-widget-wrap elementor-element-populated\">\n\t\t\t\t\t\t\t\t<div class=\"elementor-element elementor-element-3c59eb9 elementor-align-center elementor-widget elementor-widget-button\" data-id=\"3c59eb9\" data-element_type=\"widget\" data-widget_type=\"button.default\">\n\t\t\t\t<div class=\"elementor-widget-container\">\n\t\t\t\t\t<div class=\"elementor-button-wrapper\">\n\t\t\t<a class=\"elementor-button elementor-button-link elementor-size-sm\" href=\"https:\/\/www.reference-rh.org\/actualites\/2023\/2\/19\/assemblee-generale-de-reference-rh\" target=\"_blank\">\n\t\t\t\t\t\t<span class=\"elementor-button-content-wrapper\">\n\t\t\t\t\t\t<span class=\"elementor-button-text\">Plus d'informations<\/span>\n\t\t<\/span>\n\t\t\t\t\t<\/a>\n\t\t<\/div>\n\t\t\t\t<\/div>\n\t\t\t\t<\/div>\n\t\t\t\t\t<\/div>\n\t\t<\/div>\n\t\t\t\t\t\t\t<\/div>\n\t\t<\/section>\n\t\t\t\t\t\t\t<\/div>\n\t\t","protected":false},"excerpt":{"rendered":"<p>L&rsquo;IGR-IAE Rennes a le plaisir de recevoir l&rsquo;AG de R\u00e9f\u00e9rence RH \u00e0 Saint-Malo les 22 et 23 juin 2023<\/p>\n","protected":false},"author":11,"featured_media":295469,"comment_status":"closed","ping_status":"closed","sticky":true,"template":"","format":"standard","meta":{"footnotes":""},"categories":[64,66],"tags":[],"yoast_head":"<!-- This site is optimized with the Yoast SEO plugin v21.1 - https:\/\/yoast.com\/wordpress\/plugins\/seo\/ -->\n<title>L&rsquo;Assembl\u00e9e G\u00e9n\u00e9rale de R\u00e9f\u00e9rence RH \u00e0 Saint-Malo - IGR IAE Rennes<\/title>\n<meta name=\"robots\" content=\"index, follow, max-snippet:-1, max-image-preview:large, max-video-preview:-1\" \/>\n<link rel=\"canonical\" href=\"https:\/\/www.igr.univ-rennes.fr\/fr\/lassemblee-generale-de-reference-rh-a-saint-malo\/\" \/>\n<meta property=\"og:locale\" content=\"fr_FR\" \/>\n<meta property=\"og:type\" content=\"article\" \/>\n<meta property=\"og:title\" content=\"L&rsquo;Assembl\u00e9e G\u00e9n\u00e9rale de R\u00e9f\u00e9rence RH \u00e0 Saint-Malo - IGR IAE Rennes\" \/>\n<meta property=\"og:description\" content=\"L&#039;IGR-IAE Rennes a le plaisir de recevoir l&#039;AG de R\u00e9f\u00e9rence RH \u00e0 Saint-Malo les 22 et 23 juin 2023\" \/>\n<meta property=\"og:url\" content=\"https:\/\/www.igr.univ-rennes.fr\/fr\/lassemblee-generale-de-reference-rh-a-saint-malo\/\" \/>\n<meta property=\"og:site_name\" content=\"IGR IAE Rennes\" \/>\n<meta property=\"article:published_time\" content=\"2023-06-21T08:04:22+00:00\" \/>\n<meta property=\"article:modified_time\" content=\"2023-06-21T14:55:24+00:00\" \/>\n<meta property=\"og:image\" content=\"https:\/\/www.igr.univ-rennes.fr\/wp-content\/uploads\/2023\/06\/AG-Reference-RH-juin2023-1.webp\" \/>\n\t<meta property=\"og:image:width\" content=\"902\" \/>\n\t<meta property=\"og:image:height\" content=\"791\" \/>\n\t<meta property=\"og:image:type\" content=\"image\/webp\" \/>\n<meta name=\"author\" content=\"Marie-Annick Robin\" \/>\n<meta name=\"twitter:card\" content=\"summary_large_image\" \/>\n<meta name=\"twitter:label1\" content=\"\u00c9crit par\" \/>\n\t<meta name=\"twitter:data1\" content=\"Marie-Annick Robin\" \/>\n\t<meta name=\"twitter:label2\" content=\"Dur\u00e9e de lecture estim\u00e9e\" \/>\n\t<meta name=\"twitter:data2\" content=\"1 minute\" \/>\n<script type=\"application\/ld+json\" class=\"yoast-schema-graph\">{\"@context\":\"https:\/\/schema.org\",\"@graph\":[{\"@type\":\"Article\",\"@id\":\"https:\/\/www.igr.univ-rennes.fr\/fr\/lassemblee-generale-de-reference-rh-a-saint-malo\/#article\",\"isPartOf\":{\"@id\":\"https:\/\/www.igr.univ-rennes.fr\/fr\/lassemblee-generale-de-reference-rh-a-saint-malo\/\"},\"author\":{\"name\":\"Marie-Annick Robin\",\"@id\":\"https:\/\/www.igr.univ-rennes.fr\/fr\/#\/schema\/person\/5f1ef906f2986c0eaa338b7258c4082b\"},\"headline\":\"L&rsquo;Assembl\u00e9e G\u00e9n\u00e9rale de R\u00e9f\u00e9rence RH \u00e0 Saint-Malo\",\"datePublished\":\"2023-06-21T08:04:22+00:00\",\"dateModified\":\"2023-06-21T14:55:24+00:00\",\"mainEntityOfPage\":{\"@id\":\"https:\/\/www.igr.univ-rennes.fr\/fr\/lassemblee-generale-de-reference-rh-a-saint-malo\/\"},\"wordCount\":93,\"publisher\":{\"@id\":\"https:\/\/www.igr.univ-rennes.fr\/fr\/#organization\"},\"articleSection\":[\"Formation\",\"Recherche\"],\"inLanguage\":\"fr-FR\"},{\"@type\":\"WebPage\",\"@id\":\"https:\/\/www.igr.univ-rennes.fr\/fr\/lassemblee-generale-de-reference-rh-a-saint-malo\/\",\"url\":\"https:\/\/www.igr.univ-rennes.fr\/fr\/lassemblee-generale-de-reference-rh-a-saint-malo\/\",\"name\":\"L&rsquo;Assembl\u00e9e G\u00e9n\u00e9rale de R\u00e9f\u00e9rence RH \u00e0 Saint-Malo - IGR IAE Rennes\",\"isPartOf\":{\"@id\":\"https:\/\/www.igr.univ-rennes.fr\/fr\/#website\"},\"datePublished\":\"2023-06-21T08:04:22+00:00\",\"dateModified\":\"2023-06-21T14:55:24+00:00\",\"breadcrumb\":{\"@id\":\"https:\/\/www.igr.univ-rennes.fr\/fr\/lassemblee-generale-de-reference-rh-a-saint-malo\/#breadcrumb\"},\"inLanguage\":\"fr-FR\",\"potentialAction\":[{\"@type\":\"ReadAction\",\"target\":[\"https:\/\/www.igr.univ-rennes.fr\/fr\/lassemblee-generale-de-reference-rh-a-saint-malo\/\"]}]},{\"@type\":\"BreadcrumbList\",\"@id\":\"https:\/\/www.igr.univ-rennes.fr\/fr\/lassemblee-generale-de-reference-rh-a-saint-malo\/#breadcrumb\",\"itemListElement\":[{\"@type\":\"ListItem\",\"position\":1,\"name\":\"Accueil\",\"item\":\"https:\/\/www.igr.univ-rennes.fr\/fr\/\"},{\"@type\":\"ListItem\",\"position\":2,\"name\":\"L&rsquo;Assembl\u00e9e G\u00e9n\u00e9rale de R\u00e9f\u00e9rence RH \u00e0 Saint-Malo\"}]},{\"@type\":\"WebSite\",\"@id\":\"https:\/\/www.igr.univ-rennes.fr\/fr\/#website\",\"url\":\"https:\/\/www.igr.univ-rennes.fr\/fr\/\",\"name\":\"IGR IAE Rennes\",\"description\":\"\",\"publisher\":{\"@id\":\"https:\/\/www.igr.univ-rennes.fr\/fr\/#organization\"},\"potentialAction\":[{\"@type\":\"SearchAction\",\"target\":{\"@type\":\"EntryPoint\",\"urlTemplate\":\"https:\/\/www.igr.univ-rennes.fr\/fr\/?s={search_term_string}\"},\"query-input\":\"required name=search_term_string\"}],\"inLanguage\":\"fr-FR\"},{\"@type\":\"Organization\",\"@id\":\"https:\/\/www.igr.univ-rennes.fr\/fr\/#organization\",\"name\":\"IGR IAE Rennes\",\"url\":\"https:\/\/www.igr.univ-rennes.fr\/fr\/\",\"logo\":{\"@type\":\"ImageObject\",\"inLanguage\":\"fr-FR\",\"@id\":\"https:\/\/www.igr.univ-rennes.fr\/fr\/#\/schema\/logo\/image\/\",\"url\":\"https:\/\/www.igr.univ-rennes.fr\/wp-content\/uploads\/2020\/06\/Logo-IGR-IAE-Rennes_Blanc-300dpi-RVB-e1597327228224.png\",\"contentUrl\":\"https:\/\/www.igr.univ-rennes.fr\/wp-content\/uploads\/2020\/06\/Logo-IGR-IAE-Rennes_Blanc-300dpi-RVB-e1597327228224.png\",\"width\":290,\"height\":107,\"caption\":\"IGR IAE Rennes\"},\"image\":{\"@id\":\"https:\/\/www.igr.univ-rennes.fr\/fr\/#\/schema\/logo\/image\/\"}},{\"@type\":\"Person\",\"@id\":\"https:\/\/www.igr.univ-rennes.fr\/fr\/#\/schema\/person\/5f1ef906f2986c0eaa338b7258c4082b\",\"name\":\"Marie-Annick Robin\",\"image\":{\"@type\":\"ImageObject\",\"inLanguage\":\"fr-FR\",\"@id\":\"https:\/\/www.igr.univ-rennes.fr\/fr\/#\/schema\/person\/image\/\",\"url\":\"https:\/\/secure.gravatar.com\/avatar\/2be340e59f359ca7aa475c1693137388?s=96&d=mm&r=g\",\"contentUrl\":\"https:\/\/secure.gravatar.com\/avatar\/2be340e59f359ca7aa475c1693137388?s=96&d=mm&r=g\",\"caption\":\"Marie-Annick Robin\"}}]}<\/script>\n<!-- \/ Yoast SEO plugin. -->","yoast_head_json":{"title":"L&rsquo;Assembl\u00e9e G\u00e9n\u00e9rale de R\u00e9f\u00e9rence RH \u00e0 Saint-Malo - IGR IAE Rennes","robots":{"index":"index","follow":"follow","max-snippet":"max-snippet:-1","max-image-preview":"max-image-preview:large","max-video-preview":"max-video-preview:-1"},"canonical":"https:\/\/www.igr.univ-rennes.fr\/fr\/lassemblee-generale-de-reference-rh-a-saint-malo\/","og_locale":"fr_FR","og_type":"article","og_title":"L&rsquo;Assembl\u00e9e G\u00e9n\u00e9rale de R\u00e9f\u00e9rence RH \u00e0 Saint-Malo - IGR IAE Rennes","og_description":"L'IGR-IAE Rennes a le plaisir de recevoir l'AG de R\u00e9f\u00e9rence RH \u00e0 Saint-Malo les 22 et 23 juin 2023","og_url":"https:\/\/www.igr.univ-rennes.fr\/fr\/lassemblee-generale-de-reference-rh-a-saint-malo\/","og_site_name":"IGR IAE Rennes","article_published_time":"2023-06-21T08:04:22+00:00","article_modified_time":"2023-06-21T14:55:24+00:00","og_image":[{"width":902,"height":791,"url":"https:\/\/www.igr.univ-rennes.fr\/wp-content\/uploads\/2023\/06\/AG-Reference-RH-juin2023-1.webp","type":"image\/webp"}],"author":"Marie-Annick Robin","twitter_card":"summary_large_image","twitter_misc":{"\u00c9crit par":"Marie-Annick Robin","Dur\u00e9e de lecture estim\u00e9e":"1 minute"},"schema":{"@context":"https:\/\/schema.org","@graph":[{"@type":"Article","@id":"https:\/\/www.igr.univ-rennes.fr\/fr\/lassemblee-generale-de-reference-rh-a-saint-malo\/#article","isPartOf":{"@id":"https:\/\/www.igr.univ-rennes.fr\/fr\/lassemblee-generale-de-reference-rh-a-saint-malo\/"},"author":{"name":"Marie-Annick Robin","@id":"https:\/\/www.igr.univ-rennes.fr\/fr\/#\/schema\/person\/5f1ef906f2986c0eaa338b7258c4082b"},"headline":"L&rsquo;Assembl\u00e9e G\u00e9n\u00e9rale de R\u00e9f\u00e9rence RH \u00e0 Saint-Malo","datePublished":"2023-06-21T08:04:22+00:00","dateModified":"2023-06-21T14:55:24+00:00","mainEntityOfPage":{"@id":"https:\/\/www.igr.univ-rennes.fr\/fr\/lassemblee-generale-de-reference-rh-a-saint-malo\/"},"wordCount":93,"publisher":{"@id":"https:\/\/www.igr.univ-rennes.fr\/fr\/#organization"},"articleSection":["Formation","Recherche"],"inLanguage":"fr-FR"},{"@type":"WebPage","@id":"https:\/\/www.igr.univ-rennes.fr\/fr\/lassemblee-generale-de-reference-rh-a-saint-malo\/","url":"https:\/\/www.igr.univ-rennes.fr\/fr\/lassemblee-generale-de-reference-rh-a-saint-malo\/","name":"L&rsquo;Assembl\u00e9e G\u00e9n\u00e9rale de R\u00e9f\u00e9rence RH \u00e0 Saint-Malo - IGR IAE Rennes","isPartOf":{"@id":"https:\/\/www.igr.univ-rennes.fr\/fr\/#website"},"datePublished":"2023-06-21T08:04:22+00:00","dateModified":"2023-06-21T14:55:24+00:00","breadcrumb":{"@id":"https:\/\/www.igr.univ-rennes.fr\/fr\/lassemblee-generale-de-reference-rh-a-saint-malo\/#breadcrumb"},"inLanguage":"fr-FR","potentialAction":[{"@type":"ReadAction","target":["https:\/\/www.igr.univ-rennes.fr\/fr\/lassemblee-generale-de-reference-rh-a-saint-malo\/"]}]},{"@type":"BreadcrumbList","@id":"https:\/\/www.igr.univ-rennes.fr\/fr\/lassemblee-generale-de-reference-rh-a-saint-malo\/#breadcrumb","itemListElement":[{"@type":"ListItem","position":1,"name":"Accueil","item":"https:\/\/www.igr.univ-rennes.fr\/fr\/"},{"@type":"ListItem","position":2,"name":"L&rsquo;Assembl\u00e9e G\u00e9n\u00e9rale de R\u00e9f\u00e9rence RH \u00e0 Saint-Malo"}]},{"@type":"WebSite","@id":"https:\/\/www.igr.univ-rennes.fr\/fr\/#website","url":"https:\/\/www.igr.univ-rennes.fr\/fr\/","name":"IGR IAE Rennes","description":"","publisher":{"@id":"https:\/\/www.igr.univ-rennes.fr\/fr\/#organization"},"potentialAction":[{"@type":"SearchAction","target":{"@type":"EntryPoint","urlTemplate":"https:\/\/www.igr.univ-rennes.fr\/fr\/?s={search_term_string}"},"query-input":"required name=search_term_string"}],"inLanguage":"fr-FR"},{"@type":"Organization","@id":"https:\/\/www.igr.univ-rennes.fr\/fr\/#organization","name":"IGR IAE Rennes","url":"https:\/\/www.igr.univ-rennes.fr\/fr\/","logo":{"@type":"ImageObject","inLanguage":"fr-FR","@id":"https:\/\/www.igr.univ-rennes.fr\/fr\/#\/schema\/logo\/image\/","url":"https:\/\/www.igr.univ-rennes.fr\/wp-content\/uploads\/2020\/06\/Logo-IGR-IAE-Rennes_Blanc-300dpi-RVB-e1597327228224.png","contentUrl":"https:\/\/www.igr.univ-rennes.fr\/wp-content\/uploads\/2020\/06\/Logo-IGR-IAE-Rennes_Blanc-300dpi-RVB-e1597327228224.png","width":290,"height":107,"caption":"IGR IAE Rennes"},"image":{"@id":"https:\/\/www.igr.univ-rennes.fr\/fr\/#\/schema\/logo\/image\/"}},{"@type":"Person","@id":"https:\/\/www.igr.univ-rennes.fr\/fr\/#\/schema\/person\/5f1ef906f2986c0eaa338b7258c4082b","name":"Marie-Annick Robin","image":{"@type":"ImageObject","inLanguage":"fr-FR","@id":"https:\/\/www.igr.univ-rennes.fr\/fr\/#\/schema\/person\/image\/","url":"https:\/\/secure.gravatar.com\/avatar\/2be340e59f359ca7aa475c1693137388?s=96&d=mm&r=g","contentUrl":"https:\/\/secure.gravatar.com\/avatar\/2be340e59f359ca7aa475c1693137388?s=96&d=mm&r=g","caption":"Marie-Annick Robin"}}]}},"_links":{"self":[{"href":"https:\/\/www.igr.univ-rennes.fr\/fr\/wp-json\/wp\/v2\/posts\/295462"}],"collection":[{"href":"https:\/\/www.igr.univ-rennes.fr\/fr\/wp-json\/wp\/v2\/posts"}],"about":[{"href":"https:\/\/www.igr.univ-rennes.fr\/fr\/wp-json\/wp\/v2\/types\/post"}],"author":[{"embeddable":true,"href":"https:\/\/www.igr.univ-rennes.fr\/fr\/wp-json\/wp\/v2\/users\/11"}],"replies":[{"embeddable":true,"href":"https:\/\/www.igr.univ-rennes.fr\/fr\/wp-json\/wp\/v2\/comments?post=295462"}],"version-history":[{"count":21,"href":"https:\/\/www.igr.univ-rennes.fr\/fr\/wp-json\/wp\/v2\/posts\/295462\/revisions"}],"predecessor-version":[{"id":295541,"href":"https:\/\/www.igr.univ-rennes.fr\/fr\/wp-json\/wp\/v2\/posts\/295462\/revisions\/295541"}],"wp:featuredmedia":[{"embeddable":true,"href":"https:\/\/www.igr.univ-rennes.fr\/fr\/wp-json\/wp\/v2\/media\/295469"}],"wp:attachment":[{"href":"https:\/\/www.igr.univ-rennes.fr\/fr\/wp-json\/wp\/v2\/media?parent=295462"}],"wp:term":[{"taxonomy":"category","embeddable":true,"href":"https:\/\/www.igr.univ-rennes.fr\/fr\/wp-json\/wp\/v2\/categories?post=295462"},{"taxonomy":"post_tag","embeddable":true,"href":"https:\/\/www.igr.univ-rennes.fr\/fr\/wp-json\/wp\/v2\/tags?post=295462"}],"curies":[{"name":"wp","href":"https:\/\/api.w.org\/{rel}","templated":true}]}}