{"id":277895,"date":"2023-03-31T11:57:40","date_gmt":"2023-03-31T09:57:40","guid":{"rendered":"https:\/\/www.igr.univ-rennes.fr\/?p=277895"},"modified":"2023-05-03T10:38:53","modified_gmt":"2023-05-03T08:38:53","slug":"commerce-et-crise-covid-19-inquietudes-adaptations-apprentissages","status":"publish","type":"post","link":"https:\/\/www.igr.univ-rennes.fr\/fr\/commerce-et-crise-covid-19-inquietudes-adaptations-apprentissages\/","title":{"rendered":"\u00ab\u00a0Commerce et crise COVID-19 : inqui\u00e9tudes, adaptations, apprentissages\u00a0\u00bb"},"content":{"rendered":"\t\t<div data-elementor-type=\"wp-post\" data-elementor-id=\"277895\" class=\"elementor elementor-277895\" data-elementor-post-type=\"post\">\n\t\t\t\t\t\t<section class=\"elementor-section elementor-top-section elementor-element elementor-element-3607d37 elementor-section-boxed elementor-section-height-default elementor-section-height-default\" data-id=\"3607d37\" data-element_type=\"section\" data-e-type=\"section\">\n\t\t\t\t\t\t<div class=\"elementor-container elementor-column-gap-default\">\n\t\t\t\t\t<div class=\"elementor-column elementor-col-100 elementor-top-column elementor-element elementor-element-9e0952d\" data-id=\"9e0952d\" data-element_type=\"column\" data-e-type=\"column\">\n\t\t\t<div class=\"elementor-widget-wrap elementor-element-populated\">\n\t\t\t\t\t\t<div class=\"elementor-element elementor-element-5612170 elementor-widget elementor-widget-text-editor\" data-id=\"5612170\" data-element_type=\"widget\" data-e-type=\"widget\" data-widget_type=\"text-editor.default\">\n\t\t\t\t<div class=\"elementor-widget-container\">\n\t\t\t\t\t\t\t\t\t<p>Une table ronde est organis\u00e9e le <strong>mardi 4 avril \u00e0 14h00<\/strong> \u00e0 l&rsquo;IGR-IAE Rennes sur le th\u00e8me : \u00ab\u00a0<strong>Commerce et crise COVID-19 : inqui\u00e9tudes, adaptations, apprentissages\u00a0\u00bb<\/strong><\/p><p>Avec des commer\u00e7ants, franchis\u00e9s et franchiseurs, et les \u00e9tudiants du Master Franchise &amp; Commerce en R\u00e9seau en apprentissage de l&rsquo;IGR-IAE Rennes.<\/p><p>Table-ronde organis\u00e9e dans le cadre du <a href=\"https:\/\/crem.univ-rennes.fr\/anr-resilience-covid-19\" target=\"_blank\" rel=\"noopener\">contrat de recherche ANR-COVENTFOF<\/a>.<\/p><p>Contact : <a href=\"&#109;&#x61;&#x69;l&#116;&#x6f;&#x3a;r&#111;&#x7a;e&#110;&#x6e;&#x2e;p&#101;&#x72;r&#105;&#x67;&#x6f;t&#64;&#x75;&#x6e;&#105;&#x76;&#x2d;r&#101;&#x6e;&#x6e;e&#115;&#x2e;f&#114;\">Rozenn PERRIGOT<\/a><\/p>\t\t\t\t\t\t\t\t<\/div>\n\t\t\t\t<\/div>\n\t\t\t\t\t<\/div>\n\t\t<\/div>\n\t\t\t\t\t<\/div>\n\t\t<\/section>\n\t\t\t\t<\/div>\n\t\t","protected":false},"excerpt":{"rendered":"<p>Table-ronde organis\u00e9e dans le cadre du contrat de recherche ANR-COVENTFOF<\/p>\n","protected":false},"author":11,"featured_media":277896,"comment_status":"closed","ping_status":"closed","sticky":false,"template":"","format":"standard","meta":{"_acf_changed":false,"footnotes":""},"categories":[66],"tags":[],"class_list":["post-277895","post","type-post","status-publish","format-standard","has-post-thumbnail","hentry","category-recherche"],"acf":[],"yoast_head":"<!-- This site is optimized with the Yoast SEO plugin v27.5 - https:\/\/yoast.com\/product\/yoast-seo-wordpress\/ -->\n<title>\u00ab\u00a0Commerce et crise COVID-19 : inqui\u00e9tudes, adaptations, apprentissages\u00a0\u00bb - IGR IAE Rennes<\/title>\n<meta name=\"robots\" content=\"index, follow, max-snippet:-1, max-image-preview:large, max-video-preview:-1\" \/>\n<link rel=\"canonical\" href=\"https:\/\/www.igr.univ-rennes.fr\/fr\/commerce-et-crise-covid-19-inquietudes-adaptations-apprentissages\/\" \/>\n<meta property=\"og:locale\" content=\"fr_FR\" \/>\n<meta property=\"og:type\" content=\"article\" \/>\n<meta property=\"og:title\" content=\"\u00ab\u00a0Commerce et crise COVID-19 : inqui\u00e9tudes, adaptations, apprentissages\u00a0\u00bb - IGR IAE Rennes\" \/>\n<meta property=\"og:description\" content=\"Table-ronde organis\u00e9e dans le cadre du contrat de recherche ANR-COVENTFOF\" \/>\n<meta property=\"og:url\" content=\"https:\/\/www.igr.univ-rennes.fr\/fr\/commerce-et-crise-covid-19-inquietudes-adaptations-apprentissages\/\" \/>\n<meta property=\"og:site_name\" content=\"IGR IAE Rennes\" \/>\n<meta property=\"article:published_time\" content=\"2023-03-31T09:57:40+00:00\" \/>\n<meta property=\"article:modified_time\" content=\"2023-05-03T08:38:53+00:00\" \/>\n<meta property=\"og:image\" content=\"https:\/\/www.igr.univ-rennes.fr\/wp-content\/uploads\/2023\/03\/table-ronde-franchise-4avril2023.jpg\" \/>\n\t<meta property=\"og:image:width\" content=\"1489\" \/>\n\t<meta property=\"og:image:height\" content=\"1102\" \/>\n\t<meta property=\"og:image:type\" content=\"image\/jpeg\" \/>\n<meta name=\"author\" content=\"Marie-Annick Robin\" \/>\n<meta name=\"twitter:card\" content=\"summary_large_image\" \/>\n<meta name=\"twitter:label1\" content=\"\u00c9crit par\" \/>\n\t<meta name=\"twitter:data1\" content=\"Marie-Annick Robin\" \/>\n<script type=\"application\/ld+json\" class=\"yoast-schema-graph\">{\"@context\":\"https:\\\/\\\/schema.org\",\"@graph\":[{\"@type\":\"Article\",\"@id\":\"https:\\\/\\\/www.igr.univ-rennes.fr\\\/fr\\\/commerce-et-crise-covid-19-inquietudes-adaptations-apprentissages\\\/#article\",\"isPartOf\":{\"@id\":\"https:\\\/\\\/www.igr.univ-rennes.fr\\\/fr\\\/commerce-et-crise-covid-19-inquietudes-adaptations-apprentissages\\\/\"},\"author\":{\"name\":\"Marie-Annick Robin\",\"@id\":\"https:\\\/\\\/www.igr.univ-rennes.fr\\\/fr\\\/#\\\/schema\\\/person\\\/5f1ef906f2986c0eaa338b7258c4082b\"},\"headline\":\"\u00ab\u00a0Commerce et crise COVID-19 : inqui\u00e9tudes, adaptations, apprentissages\u00a0\u00bb\",\"datePublished\":\"2023-03-31T09:57:40+00:00\",\"dateModified\":\"2023-05-03T08:38:53+00:00\",\"mainEntityOfPage\":{\"@id\":\"https:\\\/\\\/www.igr.univ-rennes.fr\\\/fr\\\/commerce-et-crise-covid-19-inquietudes-adaptations-apprentissages\\\/\"},\"wordCount\":72,\"publisher\":{\"@id\":\"https:\\\/\\\/www.igr.univ-rennes.fr\\\/fr\\\/#organization\"},\"image\":{\"@id\":\"https:\\\/\\\/www.igr.univ-rennes.fr\\\/fr\\\/commerce-et-crise-covid-19-inquietudes-adaptations-apprentissages\\\/#primaryimage\"},\"thumbnailUrl\":\"https:\\\/\\\/www.igr.univ-rennes.fr\\\/wp-content\\\/uploads\\\/2023\\\/03\\\/table-ronde-franchise-4avril2023.jpg\",\"articleSection\":[\"Recherche\"],\"inLanguage\":\"fr-FR\"},{\"@type\":\"WebPage\",\"@id\":\"https:\\\/\\\/www.igr.univ-rennes.fr\\\/fr\\\/commerce-et-crise-covid-19-inquietudes-adaptations-apprentissages\\\/\",\"url\":\"https:\\\/\\\/www.igr.univ-rennes.fr\\\/fr\\\/commerce-et-crise-covid-19-inquietudes-adaptations-apprentissages\\\/\",\"name\":\"\u00ab\u00a0Commerce et crise COVID-19 : inqui\u00e9tudes, adaptations, apprentissages\u00a0\u00bb - IGR IAE Rennes\",\"isPartOf\":{\"@id\":\"https:\\\/\\\/www.igr.univ-rennes.fr\\\/fr\\\/#website\"},\"primaryImageOfPage\":{\"@id\":\"https:\\\/\\\/www.igr.univ-rennes.fr\\\/fr\\\/commerce-et-crise-covid-19-inquietudes-adaptations-apprentissages\\\/#primaryimage\"},\"image\":{\"@id\":\"https:\\\/\\\/www.igr.univ-rennes.fr\\\/fr\\\/commerce-et-crise-covid-19-inquietudes-adaptations-apprentissages\\\/#primaryimage\"},\"thumbnailUrl\":\"https:\\\/\\\/www.igr.univ-rennes.fr\\\/wp-content\\\/uploads\\\/2023\\\/03\\\/table-ronde-franchise-4avril2023.jpg\",\"datePublished\":\"2023-03-31T09:57:40+00:00\",\"dateModified\":\"2023-05-03T08:38:53+00:00\",\"breadcrumb\":{\"@id\":\"https:\\\/\\\/www.igr.univ-rennes.fr\\\/fr\\\/commerce-et-crise-covid-19-inquietudes-adaptations-apprentissages\\\/#breadcrumb\"},\"inLanguage\":\"fr-FR\",\"potentialAction\":[{\"@type\":\"ReadAction\",\"target\":[\"https:\\\/\\\/www.igr.univ-rennes.fr\\\/fr\\\/commerce-et-crise-covid-19-inquietudes-adaptations-apprentissages\\\/\"]}]},{\"@type\":\"ImageObject\",\"inLanguage\":\"fr-FR\",\"@id\":\"https:\\\/\\\/www.igr.univ-rennes.fr\\\/fr\\\/commerce-et-crise-covid-19-inquietudes-adaptations-apprentissages\\\/#primaryimage\",\"url\":\"https:\\\/\\\/www.igr.univ-rennes.fr\\\/wp-content\\\/uploads\\\/2023\\\/03\\\/table-ronde-franchise-4avril2023.jpg\",\"contentUrl\":\"https:\\\/\\\/www.igr.univ-rennes.fr\\\/wp-content\\\/uploads\\\/2023\\\/03\\\/table-ronde-franchise-4avril2023.jpg\",\"width\":1489,\"height\":1102,\"caption\":\"table-ronde-franchise-4avril2023\"},{\"@type\":\"BreadcrumbList\",\"@id\":\"https:\\\/\\\/www.igr.univ-rennes.fr\\\/fr\\\/commerce-et-crise-covid-19-inquietudes-adaptations-apprentissages\\\/#breadcrumb\",\"itemListElement\":[{\"@type\":\"ListItem\",\"position\":1,\"name\":\"Accueil\",\"item\":\"https:\\\/\\\/www.igr.univ-rennes.fr\\\/fr\\\/\"},{\"@type\":\"ListItem\",\"position\":2,\"name\":\"\u00ab\u00a0Commerce et crise COVID-19 : inqui\u00e9tudes, adaptations, apprentissages\u00a0\u00bb\"}]},{\"@type\":\"WebSite\",\"@id\":\"https:\\\/\\\/www.igr.univ-rennes.fr\\\/fr\\\/#website\",\"url\":\"https:\\\/\\\/www.igr.univ-rennes.fr\\\/fr\\\/\",\"name\":\"IGR IAE Rennes\",\"description\":\"\",\"publisher\":{\"@id\":\"https:\\\/\\\/www.igr.univ-rennes.fr\\\/fr\\\/#organization\"},\"potentialAction\":[{\"@type\":\"SearchAction\",\"target\":{\"@type\":\"EntryPoint\",\"urlTemplate\":\"https:\\\/\\\/www.igr.univ-rennes.fr\\\/fr\\\/?s={search_term_string}\"},\"query-input\":{\"@type\":\"PropertyValueSpecification\",\"valueRequired\":true,\"valueName\":\"search_term_string\"}}],\"inLanguage\":\"fr-FR\"},{\"@type\":\"Organization\",\"@id\":\"https:\\\/\\\/www.igr.univ-rennes.fr\\\/fr\\\/#organization\",\"name\":\"IGR IAE Rennes\",\"url\":\"https:\\\/\\\/www.igr.univ-rennes.fr\\\/fr\\\/\",\"logo\":{\"@type\":\"ImageObject\",\"inLanguage\":\"fr-FR\",\"@id\":\"https:\\\/\\\/www.igr.univ-rennes.fr\\\/fr\\\/#\\\/schema\\\/logo\\\/image\\\/\",\"url\":\"https:\\\/\\\/www.igr.univ-rennes.fr\\\/wp-content\\\/uploads\\\/2020\\\/06\\\/Logo-IGR-IAE-Rennes_Blanc-300dpi-RVB-e1597327228224.png\",\"contentUrl\":\"https:\\\/\\\/www.igr.univ-rennes.fr\\\/wp-content\\\/uploads\\\/2020\\\/06\\\/Logo-IGR-IAE-Rennes_Blanc-300dpi-RVB-e1597327228224.png\",\"width\":290,\"height\":107,\"caption\":\"IGR IAE Rennes\"},\"image\":{\"@id\":\"https:\\\/\\\/www.igr.univ-rennes.fr\\\/fr\\\/#\\\/schema\\\/logo\\\/image\\\/\"}},{\"@type\":\"Person\",\"@id\":\"https:\\\/\\\/www.igr.univ-rennes.fr\\\/fr\\\/#\\\/schema\\\/person\\\/5f1ef906f2986c0eaa338b7258c4082b\",\"name\":\"Marie-Annick Robin\",\"image\":{\"@type\":\"ImageObject\",\"inLanguage\":\"fr-FR\",\"@id\":\"https:\\\/\\\/secure.gravatar.com\\\/avatar\\\/f9293e68571e20c548e6d32c7885fdfb06e6f56349fe920439a102a2234f78c3?s=96&d=mm&r=g\",\"url\":\"https:\\\/\\\/secure.gravatar.com\\\/avatar\\\/f9293e68571e20c548e6d32c7885fdfb06e6f56349fe920439a102a2234f78c3?s=96&d=mm&r=g\",\"contentUrl\":\"https:\\\/\\\/secure.gravatar.com\\\/avatar\\\/f9293e68571e20c548e6d32c7885fdfb06e6f56349fe920439a102a2234f78c3?s=96&d=mm&r=g\",\"caption\":\"Marie-Annick Robin\"}}]}<\/script>\n<!-- \/ Yoast SEO plugin. -->","yoast_head_json":{"title":"\u00ab\u00a0Commerce et crise COVID-19 : inqui\u00e9tudes, adaptations, apprentissages\u00a0\u00bb - IGR IAE Rennes","robots":{"index":"index","follow":"follow","max-snippet":"max-snippet:-1","max-image-preview":"max-image-preview:large","max-video-preview":"max-video-preview:-1"},"canonical":"https:\/\/www.igr.univ-rennes.fr\/fr\/commerce-et-crise-covid-19-inquietudes-adaptations-apprentissages\/","og_locale":"fr_FR","og_type":"article","og_title":"\u00ab\u00a0Commerce et crise COVID-19 : inqui\u00e9tudes, adaptations, apprentissages\u00a0\u00bb - IGR IAE Rennes","og_description":"Table-ronde organis\u00e9e dans le cadre du contrat de recherche ANR-COVENTFOF","og_url":"https:\/\/www.igr.univ-rennes.fr\/fr\/commerce-et-crise-covid-19-inquietudes-adaptations-apprentissages\/","og_site_name":"IGR IAE Rennes","article_published_time":"2023-03-31T09:57:40+00:00","article_modified_time":"2023-05-03T08:38:53+00:00","og_image":[{"width":1489,"height":1102,"url":"https:\/\/www.igr.univ-rennes.fr\/wp-content\/uploads\/2023\/03\/table-ronde-franchise-4avril2023.jpg","type":"image\/jpeg"}],"author":"Marie-Annick Robin","twitter_card":"summary_large_image","twitter_misc":{"\u00c9crit par":"Marie-Annick Robin"},"schema":{"@context":"https:\/\/schema.org","@graph":[{"@type":"Article","@id":"https:\/\/www.igr.univ-rennes.fr\/fr\/commerce-et-crise-covid-19-inquietudes-adaptations-apprentissages\/#article","isPartOf":{"@id":"https:\/\/www.igr.univ-rennes.fr\/fr\/commerce-et-crise-covid-19-inquietudes-adaptations-apprentissages\/"},"author":{"name":"Marie-Annick Robin","@id":"https:\/\/www.igr.univ-rennes.fr\/fr\/#\/schema\/person\/5f1ef906f2986c0eaa338b7258c4082b"},"headline":"\u00ab\u00a0Commerce et crise COVID-19 : inqui\u00e9tudes, adaptations, apprentissages\u00a0\u00bb","datePublished":"2023-03-31T09:57:40+00:00","dateModified":"2023-05-03T08:38:53+00:00","mainEntityOfPage":{"@id":"https:\/\/www.igr.univ-rennes.fr\/fr\/commerce-et-crise-covid-19-inquietudes-adaptations-apprentissages\/"},"wordCount":72,"publisher":{"@id":"https:\/\/www.igr.univ-rennes.fr\/fr\/#organization"},"image":{"@id":"https:\/\/www.igr.univ-rennes.fr\/fr\/commerce-et-crise-covid-19-inquietudes-adaptations-apprentissages\/#primaryimage"},"thumbnailUrl":"https:\/\/www.igr.univ-rennes.fr\/wp-content\/uploads\/2023\/03\/table-ronde-franchise-4avril2023.jpg","articleSection":["Recherche"],"inLanguage":"fr-FR"},{"@type":"WebPage","@id":"https:\/\/www.igr.univ-rennes.fr\/fr\/commerce-et-crise-covid-19-inquietudes-adaptations-apprentissages\/","url":"https:\/\/www.igr.univ-rennes.fr\/fr\/commerce-et-crise-covid-19-inquietudes-adaptations-apprentissages\/","name":"\u00ab\u00a0Commerce et crise COVID-19 : inqui\u00e9tudes, adaptations, apprentissages\u00a0\u00bb - IGR IAE Rennes","isPartOf":{"@id":"https:\/\/www.igr.univ-rennes.fr\/fr\/#website"},"primaryImageOfPage":{"@id":"https:\/\/www.igr.univ-rennes.fr\/fr\/commerce-et-crise-covid-19-inquietudes-adaptations-apprentissages\/#primaryimage"},"image":{"@id":"https:\/\/www.igr.univ-rennes.fr\/fr\/commerce-et-crise-covid-19-inquietudes-adaptations-apprentissages\/#primaryimage"},"thumbnailUrl":"https:\/\/www.igr.univ-rennes.fr\/wp-content\/uploads\/2023\/03\/table-ronde-franchise-4avril2023.jpg","datePublished":"2023-03-31T09:57:40+00:00","dateModified":"2023-05-03T08:38:53+00:00","breadcrumb":{"@id":"https:\/\/www.igr.univ-rennes.fr\/fr\/commerce-et-crise-covid-19-inquietudes-adaptations-apprentissages\/#breadcrumb"},"inLanguage":"fr-FR","potentialAction":[{"@type":"ReadAction","target":["https:\/\/www.igr.univ-rennes.fr\/fr\/commerce-et-crise-covid-19-inquietudes-adaptations-apprentissages\/"]}]},{"@type":"ImageObject","inLanguage":"fr-FR","@id":"https:\/\/www.igr.univ-rennes.fr\/fr\/commerce-et-crise-covid-19-inquietudes-adaptations-apprentissages\/#primaryimage","url":"https:\/\/www.igr.univ-rennes.fr\/wp-content\/uploads\/2023\/03\/table-ronde-franchise-4avril2023.jpg","contentUrl":"https:\/\/www.igr.univ-rennes.fr\/wp-content\/uploads\/2023\/03\/table-ronde-franchise-4avril2023.jpg","width":1489,"height":1102,"caption":"table-ronde-franchise-4avril2023"},{"@type":"BreadcrumbList","@id":"https:\/\/www.igr.univ-rennes.fr\/fr\/commerce-et-crise-covid-19-inquietudes-adaptations-apprentissages\/#breadcrumb","itemListElement":[{"@type":"ListItem","position":1,"name":"Accueil","item":"https:\/\/www.igr.univ-rennes.fr\/fr\/"},{"@type":"ListItem","position":2,"name":"\u00ab\u00a0Commerce et crise COVID-19 : inqui\u00e9tudes, adaptations, apprentissages\u00a0\u00bb"}]},{"@type":"WebSite","@id":"https:\/\/www.igr.univ-rennes.fr\/fr\/#website","url":"https:\/\/www.igr.univ-rennes.fr\/fr\/","name":"IGR IAE Rennes","description":"","publisher":{"@id":"https:\/\/www.igr.univ-rennes.fr\/fr\/#organization"},"potentialAction":[{"@type":"SearchAction","target":{"@type":"EntryPoint","urlTemplate":"https:\/\/www.igr.univ-rennes.fr\/fr\/?s={search_term_string}"},"query-input":{"@type":"PropertyValueSpecification","valueRequired":true,"valueName":"search_term_string"}}],"inLanguage":"fr-FR"},{"@type":"Organization","@id":"https:\/\/www.igr.univ-rennes.fr\/fr\/#organization","name":"IGR IAE Rennes","url":"https:\/\/www.igr.univ-rennes.fr\/fr\/","logo":{"@type":"ImageObject","inLanguage":"fr-FR","@id":"https:\/\/www.igr.univ-rennes.fr\/fr\/#\/schema\/logo\/image\/","url":"https:\/\/www.igr.univ-rennes.fr\/wp-content\/uploads\/2020\/06\/Logo-IGR-IAE-Rennes_Blanc-300dpi-RVB-e1597327228224.png","contentUrl":"https:\/\/www.igr.univ-rennes.fr\/wp-content\/uploads\/2020\/06\/Logo-IGR-IAE-Rennes_Blanc-300dpi-RVB-e1597327228224.png","width":290,"height":107,"caption":"IGR IAE Rennes"},"image":{"@id":"https:\/\/www.igr.univ-rennes.fr\/fr\/#\/schema\/logo\/image\/"}},{"@type":"Person","@id":"https:\/\/www.igr.univ-rennes.fr\/fr\/#\/schema\/person\/5f1ef906f2986c0eaa338b7258c4082b","name":"Marie-Annick Robin","image":{"@type":"ImageObject","inLanguage":"fr-FR","@id":"https:\/\/secure.gravatar.com\/avatar\/f9293e68571e20c548e6d32c7885fdfb06e6f56349fe920439a102a2234f78c3?s=96&d=mm&r=g","url":"https:\/\/secure.gravatar.com\/avatar\/f9293e68571e20c548e6d32c7885fdfb06e6f56349fe920439a102a2234f78c3?s=96&d=mm&r=g","contentUrl":"https:\/\/secure.gravatar.com\/avatar\/f9293e68571e20c548e6d32c7885fdfb06e6f56349fe920439a102a2234f78c3?s=96&d=mm&r=g","caption":"Marie-Annick Robin"}}]}},"_links":{"self":[{"href":"https:\/\/www.igr.univ-rennes.fr\/fr\/wp-json\/wp\/v2\/posts\/277895","targetHints":{"allow":["GET"]}}],"collection":[{"href":"https:\/\/www.igr.univ-rennes.fr\/fr\/wp-json\/wp\/v2\/posts"}],"about":[{"href":"https:\/\/www.igr.univ-rennes.fr\/fr\/wp-json\/wp\/v2\/types\/post"}],"author":[{"embeddable":true,"href":"https:\/\/www.igr.univ-rennes.fr\/fr\/wp-json\/wp\/v2\/users\/11"}],"replies":[{"embeddable":true,"href":"https:\/\/www.igr.univ-rennes.fr\/fr\/wp-json\/wp\/v2\/comments?post=277895"}],"version-history":[{"count":10,"href":"https:\/\/www.igr.univ-rennes.fr\/fr\/wp-json\/wp\/v2\/posts\/277895\/revisions"}],"predecessor-version":[{"id":283878,"href":"https:\/\/www.igr.univ-rennes.fr\/fr\/wp-json\/wp\/v2\/posts\/277895\/revisions\/283878"}],"wp:featuredmedia":[{"embeddable":true,"href":"https:\/\/www.igr.univ-rennes.fr\/fr\/wp-json\/wp\/v2\/media\/277896"}],"wp:attachment":[{"href":"https:\/\/www.igr.univ-rennes.fr\/fr\/wp-json\/wp\/v2\/media?parent=277895"}],"wp:term":[{"taxonomy":"category","embeddable":true,"href":"https:\/\/www.igr.univ-rennes.fr\/fr\/wp-json\/wp\/v2\/categories?post=277895"},{"taxonomy":"post_tag","embeddable":true,"href":"https:\/\/www.igr.univ-rennes.fr\/fr\/wp-json\/wp\/v2\/tags?post=277895"}],"curies":[{"name":"wp","href":"https:\/\/api.w.org\/{rel}","templated":true}]}}