{"id":272908,"date":"2023-03-02T15:18:08","date_gmt":"2023-03-02T14:18:08","guid":{"rendered":"https:\/\/www.igr.univ-rennes1.fr\/?p=272908"},"modified":"2023-03-07T17:34:16","modified_gmt":"2023-03-07T16:34:16","slug":"top-depart-du-dispositif-eclore-sur-la-pedagogie-entreprenante","status":"publish","type":"post","link":"https:\/\/www.igr.univ-rennes.fr\/fr\/top-depart-du-dispositif-eclore-sur-la-pedagogie-entreprenante\/","title":{"rendered":"Top d\u00e9part du dispositif Eclore sur la p\u00e9dagogie entreprenante"},"content":{"rendered":"\t\t<div data-elementor-type=\"wp-post\" data-elementor-id=\"272908\" class=\"elementor elementor-272908\" data-elementor-post-type=\"post\">\n\t\t\t\t\t\t<section class=\"elementor-section elementor-top-section elementor-element elementor-element-f518924 elementor-section-boxed elementor-section-height-default elementor-section-height-default\" data-id=\"f518924\" data-element_type=\"section\" data-e-type=\"section\">\n\t\t\t\t\t\t<div class=\"elementor-container elementor-column-gap-default\">\n\t\t\t\t\t<div class=\"elementor-column elementor-col-100 elementor-top-column elementor-element elementor-element-6eb3306\" data-id=\"6eb3306\" data-element_type=\"column\" data-e-type=\"column\">\n\t\t\t<div class=\"elementor-widget-wrap elementor-element-populated\">\n\t\t\t\t\t\t<div class=\"elementor-element elementor-element-dc5055c elementor-widget elementor-widget-text-editor\" data-id=\"dc5055c\" data-element_type=\"widget\" data-e-type=\"widget\" data-widget_type=\"text-editor.default\">\n\t\t\t\t<div class=\"elementor-widget-container\">\n\t\t\t\t\t\t\t\t\t<div>Le lancement du <strong>dispositif Eclore<\/strong> visant \u00e0 former les enseignants \u00e0 la p\u00e9dagogie entreprenante a lieu ce vendredi 3 mars.<br \/><br \/>Ce dispositif de formation, lanc\u00e9 dans le cadre d&rsquo;une r\u00e9ponse de <strong>PEPITE<\/strong> sur un appel \u00e0 projet \u00ab\u00a0<strong>Esprit d&rsquo;entreprendre<\/strong>\u00a0\u00bb et co-pilot\u00e9 par l&rsquo;Universit\u00e9 de Rennes, sera un pr\u00e9cieux outil pour accompagner tous les enseignants int\u00e9ress\u00e9s en Bretagne, dans ce type de p\u00e9dagogie. En effet, le dispositif est \u00e0 destination de tous les enseignants, des personnels, des services d&rsquo;appui \u00e0 la p\u00e9dagogie, des services d&rsquo;insertion de Bretagne.<br \/><br \/>Il fournira des ressources p\u00e9dagogiques visant \u00e0 <strong>d\u00e9velopper l&rsquo;esprit d&rsquo;entreprendre des \u00e9tudiants<\/strong>.<\/div><div><div class=\"clearfix text-formatted field field--name-field-paragraph-html field--type-text-long field--label-hidden field__item\"><p style=\"margin: 0px;\"><br \/>Karine Le Rudulier, Ma\u00eetre de conf\u00e9rences \u00e0 l&rsquo;IGR-IAE Rennes, interviendra ce vendredi 3 mars lors d&rsquo;une table-ronde intitul\u00e9e \u00ab\u00a0<strong>Les atouts de la p\u00e9dagogie entreprenante dans l&rsquo;apprentissage des \u00e9tudiants<\/strong>\u00a0\u00bb de 11h30 \u00e0 12h30.<br \/><br \/><\/p><p style=\"margin: 0px;\">Pour d\u00e9couvrir le dispositif Eclore, n&rsquo;h\u00e9sitez pas \u00e0 vous inscrire \u00e0 l&rsquo;\u00e9v\u00e9nement de lancement, qui est organis\u00e9 le 3 mars, de 11h \u00e0 13h au P\u00f4le Num\u00e9rique Rennes Beaulieu (263 avenue du G\u00e9n\u00e9ral Leclerc), en pr\u00e9sentiel et en distanciel sur le lien suivant :<\/p><\/div><\/div>\t\t\t\t\t\t\t\t<\/div>\n\t\t\t\t<\/div>\n\t\t\t\t\t<\/div>\n\t\t<\/div>\n\t\t\t\t\t<\/div>\n\t\t<\/section>\n\t\t\t\t<section class=\"elementor-section elementor-top-section elementor-element elementor-element-c2279b1 elementor-section-boxed elementor-section-height-default elementor-section-height-default\" data-id=\"c2279b1\" data-element_type=\"section\" data-e-type=\"section\">\n\t\t\t\t\t\t<div class=\"elementor-container elementor-column-gap-default\">\n\t\t\t\t\t<div class=\"elementor-column elementor-col-100 elementor-top-column elementor-element elementor-element-a6860be\" data-id=\"a6860be\" data-element_type=\"column\" data-e-type=\"column\">\n\t\t\t<div class=\"elementor-widget-wrap elementor-element-populated\">\n\t\t\t\t\t\t<div class=\"elementor-element elementor-element-e7d7fae elementor-align-center elementor-widget elementor-widget-button\" data-id=\"e7d7fae\" data-element_type=\"widget\" data-e-type=\"widget\" data-widget_type=\"button.default\">\n\t\t\t\t<div class=\"elementor-widget-container\">\n\t\t\t\t\t\t\t\t\t<div class=\"elementor-button-wrapper\">\n\t\t\t\t\t<a class=\"elementor-button elementor-button-link elementor-size-sm\" href=\"https:\/\/forms.office.com\/pages\/responsepage.aspx?id=Y4ulJ4SG90C3N8mlNOZXRV2kiGTSjWlKgloDCuhxr5ZUOEtKME5MQUpQNElLRE1IQTcwSlZVVkRGVS4u\" target=\"_blank\">\n\t\t\t\t\t\t<span class=\"elementor-button-content-wrapper\">\n\t\t\t\t\t\t\t\t\t<span class=\"elementor-button-text\">S'inscrire<\/span>\n\t\t\t\t\t<\/span>\n\t\t\t\t\t<\/a>\n\t\t\t\t<\/div>\n\t\t\t\t\t\t\t\t<\/div>\n\t\t\t\t<\/div>\n\t\t\t\t\t<\/div>\n\t\t<\/div>\n\t\t\t\t\t<\/div>\n\t\t<\/section>\n\t\t\t\t<section class=\"elementor-section elementor-top-section elementor-element elementor-element-af4b634 elementor-section-boxed elementor-section-height-default elementor-section-height-default\" data-id=\"af4b634\" data-element_type=\"section\" data-e-type=\"section\">\n\t\t\t\t\t\t<div class=\"elementor-container elementor-column-gap-default\">\n\t\t\t\t\t<div class=\"elementor-column elementor-col-100 elementor-top-column elementor-element elementor-element-2709003\" data-id=\"2709003\" data-element_type=\"column\" data-e-type=\"column\">\n\t\t\t<div class=\"elementor-widget-wrap elementor-element-populated\">\n\t\t\t\t\t\t<div class=\"elementor-element elementor-element-7efbf83 elementor-widget elementor-widget-image\" data-id=\"7efbf83\" data-element_type=\"widget\" data-e-type=\"widget\" data-widget_type=\"image.default\">\n\t\t\t\t<div class=\"elementor-widget-container\">\n\t\t\t\t\t\t\t\t\t\t\t\t\t\t\t<img fetchpriority=\"high\" decoding=\"async\" width=\"724\" height=\"1024\" src=\"https:\/\/www.igr.univ-rennes.fr\/wp-content\/uploads\/2023\/03\/Programme-lancement-Eclore_1-724x1024.png\" class=\"attachment-large size-large wp-image-272917\" alt=\"\" srcset=\"https:\/\/www.igr.univ-rennes.fr\/wp-content\/uploads\/2023\/03\/Programme-lancement-Eclore_1-724x1024.png 724w, https:\/\/www.igr.univ-rennes.fr\/wp-content\/uploads\/2023\/03\/Programme-lancement-Eclore_1-212x300.png 212w, https:\/\/www.igr.univ-rennes.fr\/wp-content\/uploads\/2023\/03\/Programme-lancement-Eclore_1-768x1086.png 768w, https:\/\/www.igr.univ-rennes.fr\/wp-content\/uploads\/2023\/03\/Programme-lancement-Eclore_1-1086x1536.png 1086w, https:\/\/www.igr.univ-rennes.fr\/wp-content\/uploads\/2023\/03\/Programme-lancement-Eclore_1.png 1414w\" sizes=\"(max-width: 724px) 100vw, 724px\" \/>\t\t\t\t\t\t\t\t\t\t\t\t\t\t\t<\/div>\n\t\t\t\t<\/div>\n\t\t\t\t\t<\/div>\n\t\t<\/div>\n\t\t\t\t\t<\/div>\n\t\t<\/section>\n\t\t\t\t<\/div>\n\t\t","protected":false},"excerpt":{"rendered":"<p>Le lancement du dispositif Eclore visant \u00e0 former les enseignants \u00e0 la p\u00e9dagogie entreprenante a lieu ce vendredi 3 mars.<\/p>\n","protected":false},"author":9,"featured_media":272909,"comment_status":"closed","ping_status":"closed","sticky":false,"template":"","format":"standard","meta":{"_acf_changed":false,"footnotes":""},"categories":[67],"tags":[],"class_list":["post-272908","post","type-post","status-publish","format-standard","has-post-thumbnail","hentry","category-entreprise"],"acf":[],"yoast_head":"<!-- This site is optimized with the Yoast SEO plugin v27.5 - https:\/\/yoast.com\/product\/yoast-seo-wordpress\/ -->\n<title>Top d\u00e9part du dispositif Eclore sur la p\u00e9dagogie entreprenante - IGR IAE Rennes<\/title>\n<meta name=\"robots\" content=\"index, follow, max-snippet:-1, max-image-preview:large, max-video-preview:-1\" \/>\n<link rel=\"canonical\" href=\"https:\/\/www.igr.univ-rennes.fr\/fr\/top-depart-du-dispositif-eclore-sur-la-pedagogie-entreprenante\/\" \/>\n<meta property=\"og:locale\" content=\"fr_FR\" \/>\n<meta property=\"og:type\" content=\"article\" \/>\n<meta property=\"og:title\" content=\"Top d\u00e9part du dispositif Eclore sur la p\u00e9dagogie entreprenante - IGR IAE Rennes\" \/>\n<meta property=\"og:description\" content=\"Le lancement du dispositif Eclore visant \u00e0 former les enseignants \u00e0 la p\u00e9dagogie entreprenante a lieu ce vendredi 3 mars.\" \/>\n<meta property=\"og:url\" content=\"https:\/\/www.igr.univ-rennes.fr\/fr\/top-depart-du-dispositif-eclore-sur-la-pedagogie-entreprenante\/\" \/>\n<meta property=\"og:site_name\" content=\"IGR IAE Rennes\" \/>\n<meta property=\"article:published_time\" content=\"2023-03-02T14:18:08+00:00\" \/>\n<meta property=\"article:modified_time\" content=\"2023-03-07T16:34:16+00:00\" \/>\n<meta property=\"og:image\" content=\"https:\/\/www.igr.univ-rennes.fr\/wp-content\/uploads\/2023\/03\/Photo-pour-article-site.png\" \/>\n\t<meta property=\"og:image:width\" content=\"960\" \/>\n\t<meta property=\"og:image:height\" content=\"540\" \/>\n\t<meta property=\"og:image:type\" content=\"image\/png\" \/>\n<meta name=\"author\" content=\"Emma Lebaut\" \/>\n<meta name=\"twitter:card\" content=\"summary_large_image\" \/>\n<meta name=\"twitter:label1\" content=\"\u00c9crit par\" \/>\n\t<meta name=\"twitter:data1\" content=\"Emma Lebaut\" \/>\n\t<meta name=\"twitter:label2\" content=\"Dur\u00e9e de lecture estim\u00e9e\" \/>\n\t<meta name=\"twitter:data2\" content=\"1 minute\" \/>\n<script type=\"application\/ld+json\" class=\"yoast-schema-graph\">{\"@context\":\"https:\\\/\\\/schema.org\",\"@graph\":[{\"@type\":\"Article\",\"@id\":\"https:\\\/\\\/www.igr.univ-rennes.fr\\\/fr\\\/top-depart-du-dispositif-eclore-sur-la-pedagogie-entreprenante\\\/#article\",\"isPartOf\":{\"@id\":\"https:\\\/\\\/www.igr.univ-rennes.fr\\\/fr\\\/top-depart-du-dispositif-eclore-sur-la-pedagogie-entreprenante\\\/\"},\"author\":{\"name\":\"Emma Lebaut\",\"@id\":\"https:\\\/\\\/www.igr.univ-rennes.fr\\\/fr\\\/#\\\/schema\\\/person\\\/ccc43b9cca93cd7a471bce264778297c\"},\"headline\":\"Top d\u00e9part du dispositif Eclore sur la p\u00e9dagogie entreprenante\",\"datePublished\":\"2023-03-02T14:18:08+00:00\",\"dateModified\":\"2023-03-07T16:34:16+00:00\",\"mainEntityOfPage\":{\"@id\":\"https:\\\/\\\/www.igr.univ-rennes.fr\\\/fr\\\/top-depart-du-dispositif-eclore-sur-la-pedagogie-entreprenante\\\/\"},\"wordCount\":204,\"publisher\":{\"@id\":\"https:\\\/\\\/www.igr.univ-rennes.fr\\\/fr\\\/#organization\"},\"image\":{\"@id\":\"https:\\\/\\\/www.igr.univ-rennes.fr\\\/fr\\\/top-depart-du-dispositif-eclore-sur-la-pedagogie-entreprenante\\\/#primaryimage\"},\"thumbnailUrl\":\"https:\\\/\\\/www.igr.univ-rennes.fr\\\/wp-content\\\/uploads\\\/2023\\\/03\\\/Photo-pour-article-site.png\",\"articleSection\":[\"Entreprise\"],\"inLanguage\":\"fr-FR\"},{\"@type\":\"WebPage\",\"@id\":\"https:\\\/\\\/www.igr.univ-rennes.fr\\\/fr\\\/top-depart-du-dispositif-eclore-sur-la-pedagogie-entreprenante\\\/\",\"url\":\"https:\\\/\\\/www.igr.univ-rennes.fr\\\/fr\\\/top-depart-du-dispositif-eclore-sur-la-pedagogie-entreprenante\\\/\",\"name\":\"Top d\u00e9part du dispositif Eclore sur la p\u00e9dagogie entreprenante - IGR IAE Rennes\",\"isPartOf\":{\"@id\":\"https:\\\/\\\/www.igr.univ-rennes.fr\\\/fr\\\/#website\"},\"primaryImageOfPage\":{\"@id\":\"https:\\\/\\\/www.igr.univ-rennes.fr\\\/fr\\\/top-depart-du-dispositif-eclore-sur-la-pedagogie-entreprenante\\\/#primaryimage\"},\"image\":{\"@id\":\"https:\\\/\\\/www.igr.univ-rennes.fr\\\/fr\\\/top-depart-du-dispositif-eclore-sur-la-pedagogie-entreprenante\\\/#primaryimage\"},\"thumbnailUrl\":\"https:\\\/\\\/www.igr.univ-rennes.fr\\\/wp-content\\\/uploads\\\/2023\\\/03\\\/Photo-pour-article-site.png\",\"datePublished\":\"2023-03-02T14:18:08+00:00\",\"dateModified\":\"2023-03-07T16:34:16+00:00\",\"breadcrumb\":{\"@id\":\"https:\\\/\\\/www.igr.univ-rennes.fr\\\/fr\\\/top-depart-du-dispositif-eclore-sur-la-pedagogie-entreprenante\\\/#breadcrumb\"},\"inLanguage\":\"fr-FR\",\"potentialAction\":[{\"@type\":\"ReadAction\",\"target\":[\"https:\\\/\\\/www.igr.univ-rennes.fr\\\/fr\\\/top-depart-du-dispositif-eclore-sur-la-pedagogie-entreprenante\\\/\"]}]},{\"@type\":\"ImageObject\",\"inLanguage\":\"fr-FR\",\"@id\":\"https:\\\/\\\/www.igr.univ-rennes.fr\\\/fr\\\/top-depart-du-dispositif-eclore-sur-la-pedagogie-entreprenante\\\/#primaryimage\",\"url\":\"https:\\\/\\\/www.igr.univ-rennes.fr\\\/wp-content\\\/uploads\\\/2023\\\/03\\\/Photo-pour-article-site.png\",\"contentUrl\":\"https:\\\/\\\/www.igr.univ-rennes.fr\\\/wp-content\\\/uploads\\\/2023\\\/03\\\/Photo-pour-article-site.png\",\"width\":960,\"height\":540},{\"@type\":\"BreadcrumbList\",\"@id\":\"https:\\\/\\\/www.igr.univ-rennes.fr\\\/fr\\\/top-depart-du-dispositif-eclore-sur-la-pedagogie-entreprenante\\\/#breadcrumb\",\"itemListElement\":[{\"@type\":\"ListItem\",\"position\":1,\"name\":\"Accueil\",\"item\":\"https:\\\/\\\/www.igr.univ-rennes.fr\\\/fr\\\/\"},{\"@type\":\"ListItem\",\"position\":2,\"name\":\"Top d\u00e9part du dispositif Eclore sur la p\u00e9dagogie entreprenante\"}]},{\"@type\":\"WebSite\",\"@id\":\"https:\\\/\\\/www.igr.univ-rennes.fr\\\/fr\\\/#website\",\"url\":\"https:\\\/\\\/www.igr.univ-rennes.fr\\\/fr\\\/\",\"name\":\"IGR IAE Rennes\",\"description\":\"\",\"publisher\":{\"@id\":\"https:\\\/\\\/www.igr.univ-rennes.fr\\\/fr\\\/#organization\"},\"potentialAction\":[{\"@type\":\"SearchAction\",\"target\":{\"@type\":\"EntryPoint\",\"urlTemplate\":\"https:\\\/\\\/www.igr.univ-rennes.fr\\\/fr\\\/?s={search_term_string}\"},\"query-input\":{\"@type\":\"PropertyValueSpecification\",\"valueRequired\":true,\"valueName\":\"search_term_string\"}}],\"inLanguage\":\"fr-FR\"},{\"@type\":\"Organization\",\"@id\":\"https:\\\/\\\/www.igr.univ-rennes.fr\\\/fr\\\/#organization\",\"name\":\"IGR IAE Rennes\",\"url\":\"https:\\\/\\\/www.igr.univ-rennes.fr\\\/fr\\\/\",\"logo\":{\"@type\":\"ImageObject\",\"inLanguage\":\"fr-FR\",\"@id\":\"https:\\\/\\\/www.igr.univ-rennes.fr\\\/fr\\\/#\\\/schema\\\/logo\\\/image\\\/\",\"url\":\"https:\\\/\\\/www.igr.univ-rennes.fr\\\/wp-content\\\/uploads\\\/2020\\\/06\\\/Logo-IGR-IAE-Rennes_Blanc-300dpi-RVB-e1597327228224.png\",\"contentUrl\":\"https:\\\/\\\/www.igr.univ-rennes.fr\\\/wp-content\\\/uploads\\\/2020\\\/06\\\/Logo-IGR-IAE-Rennes_Blanc-300dpi-RVB-e1597327228224.png\",\"width\":290,\"height\":107,\"caption\":\"IGR IAE Rennes\"},\"image\":{\"@id\":\"https:\\\/\\\/www.igr.univ-rennes.fr\\\/fr\\\/#\\\/schema\\\/logo\\\/image\\\/\"}},{\"@type\":\"Person\",\"@id\":\"https:\\\/\\\/www.igr.univ-rennes.fr\\\/fr\\\/#\\\/schema\\\/person\\\/ccc43b9cca93cd7a471bce264778297c\",\"name\":\"Emma Lebaut\",\"image\":{\"@type\":\"ImageObject\",\"inLanguage\":\"fr-FR\",\"@id\":\"https:\\\/\\\/secure.gravatar.com\\\/avatar\\\/7335cda3e2dfc4ebfa35314bea3e26aafa62f4197b0f5cb8f2f30bb7ce493fe5?s=96&d=mm&r=g\",\"url\":\"https:\\\/\\\/secure.gravatar.com\\\/avatar\\\/7335cda3e2dfc4ebfa35314bea3e26aafa62f4197b0f5cb8f2f30bb7ce493fe5?s=96&d=mm&r=g\",\"contentUrl\":\"https:\\\/\\\/secure.gravatar.com\\\/avatar\\\/7335cda3e2dfc4ebfa35314bea3e26aafa62f4197b0f5cb8f2f30bb7ce493fe5?s=96&d=mm&r=g\",\"caption\":\"Emma Lebaut\"}}]}<\/script>\n<!-- \/ Yoast SEO plugin. -->","yoast_head_json":{"title":"Top d\u00e9part du dispositif Eclore sur la p\u00e9dagogie entreprenante - IGR IAE Rennes","robots":{"index":"index","follow":"follow","max-snippet":"max-snippet:-1","max-image-preview":"max-image-preview:large","max-video-preview":"max-video-preview:-1"},"canonical":"https:\/\/www.igr.univ-rennes.fr\/fr\/top-depart-du-dispositif-eclore-sur-la-pedagogie-entreprenante\/","og_locale":"fr_FR","og_type":"article","og_title":"Top d\u00e9part du dispositif Eclore sur la p\u00e9dagogie entreprenante - IGR IAE Rennes","og_description":"Le lancement du dispositif Eclore visant \u00e0 former les enseignants \u00e0 la p\u00e9dagogie entreprenante a lieu ce vendredi 3 mars.","og_url":"https:\/\/www.igr.univ-rennes.fr\/fr\/top-depart-du-dispositif-eclore-sur-la-pedagogie-entreprenante\/","og_site_name":"IGR IAE Rennes","article_published_time":"2023-03-02T14:18:08+00:00","article_modified_time":"2023-03-07T16:34:16+00:00","og_image":[{"width":960,"height":540,"url":"https:\/\/www.igr.univ-rennes.fr\/wp-content\/uploads\/2023\/03\/Photo-pour-article-site.png","type":"image\/png"}],"author":"Emma Lebaut","twitter_card":"summary_large_image","twitter_misc":{"\u00c9crit par":"Emma Lebaut","Dur\u00e9e de lecture estim\u00e9e":"1 minute"},"schema":{"@context":"https:\/\/schema.org","@graph":[{"@type":"Article","@id":"https:\/\/www.igr.univ-rennes.fr\/fr\/top-depart-du-dispositif-eclore-sur-la-pedagogie-entreprenante\/#article","isPartOf":{"@id":"https:\/\/www.igr.univ-rennes.fr\/fr\/top-depart-du-dispositif-eclore-sur-la-pedagogie-entreprenante\/"},"author":{"name":"Emma Lebaut","@id":"https:\/\/www.igr.univ-rennes.fr\/fr\/#\/schema\/person\/ccc43b9cca93cd7a471bce264778297c"},"headline":"Top d\u00e9part du dispositif Eclore sur la p\u00e9dagogie entreprenante","datePublished":"2023-03-02T14:18:08+00:00","dateModified":"2023-03-07T16:34:16+00:00","mainEntityOfPage":{"@id":"https:\/\/www.igr.univ-rennes.fr\/fr\/top-depart-du-dispositif-eclore-sur-la-pedagogie-entreprenante\/"},"wordCount":204,"publisher":{"@id":"https:\/\/www.igr.univ-rennes.fr\/fr\/#organization"},"image":{"@id":"https:\/\/www.igr.univ-rennes.fr\/fr\/top-depart-du-dispositif-eclore-sur-la-pedagogie-entreprenante\/#primaryimage"},"thumbnailUrl":"https:\/\/www.igr.univ-rennes.fr\/wp-content\/uploads\/2023\/03\/Photo-pour-article-site.png","articleSection":["Entreprise"],"inLanguage":"fr-FR"},{"@type":"WebPage","@id":"https:\/\/www.igr.univ-rennes.fr\/fr\/top-depart-du-dispositif-eclore-sur-la-pedagogie-entreprenante\/","url":"https:\/\/www.igr.univ-rennes.fr\/fr\/top-depart-du-dispositif-eclore-sur-la-pedagogie-entreprenante\/","name":"Top d\u00e9part du dispositif Eclore sur la p\u00e9dagogie entreprenante - IGR IAE Rennes","isPartOf":{"@id":"https:\/\/www.igr.univ-rennes.fr\/fr\/#website"},"primaryImageOfPage":{"@id":"https:\/\/www.igr.univ-rennes.fr\/fr\/top-depart-du-dispositif-eclore-sur-la-pedagogie-entreprenante\/#primaryimage"},"image":{"@id":"https:\/\/www.igr.univ-rennes.fr\/fr\/top-depart-du-dispositif-eclore-sur-la-pedagogie-entreprenante\/#primaryimage"},"thumbnailUrl":"https:\/\/www.igr.univ-rennes.fr\/wp-content\/uploads\/2023\/03\/Photo-pour-article-site.png","datePublished":"2023-03-02T14:18:08+00:00","dateModified":"2023-03-07T16:34:16+00:00","breadcrumb":{"@id":"https:\/\/www.igr.univ-rennes.fr\/fr\/top-depart-du-dispositif-eclore-sur-la-pedagogie-entreprenante\/#breadcrumb"},"inLanguage":"fr-FR","potentialAction":[{"@type":"ReadAction","target":["https:\/\/www.igr.univ-rennes.fr\/fr\/top-depart-du-dispositif-eclore-sur-la-pedagogie-entreprenante\/"]}]},{"@type":"ImageObject","inLanguage":"fr-FR","@id":"https:\/\/www.igr.univ-rennes.fr\/fr\/top-depart-du-dispositif-eclore-sur-la-pedagogie-entreprenante\/#primaryimage","url":"https:\/\/www.igr.univ-rennes.fr\/wp-content\/uploads\/2023\/03\/Photo-pour-article-site.png","contentUrl":"https:\/\/www.igr.univ-rennes.fr\/wp-content\/uploads\/2023\/03\/Photo-pour-article-site.png","width":960,"height":540},{"@type":"BreadcrumbList","@id":"https:\/\/www.igr.univ-rennes.fr\/fr\/top-depart-du-dispositif-eclore-sur-la-pedagogie-entreprenante\/#breadcrumb","itemListElement":[{"@type":"ListItem","position":1,"name":"Accueil","item":"https:\/\/www.igr.univ-rennes.fr\/fr\/"},{"@type":"ListItem","position":2,"name":"Top d\u00e9part du dispositif Eclore sur la p\u00e9dagogie entreprenante"}]},{"@type":"WebSite","@id":"https:\/\/www.igr.univ-rennes.fr\/fr\/#website","url":"https:\/\/www.igr.univ-rennes.fr\/fr\/","name":"IGR IAE Rennes","description":"","publisher":{"@id":"https:\/\/www.igr.univ-rennes.fr\/fr\/#organization"},"potentialAction":[{"@type":"SearchAction","target":{"@type":"EntryPoint","urlTemplate":"https:\/\/www.igr.univ-rennes.fr\/fr\/?s={search_term_string}"},"query-input":{"@type":"PropertyValueSpecification","valueRequired":true,"valueName":"search_term_string"}}],"inLanguage":"fr-FR"},{"@type":"Organization","@id":"https:\/\/www.igr.univ-rennes.fr\/fr\/#organization","name":"IGR IAE Rennes","url":"https:\/\/www.igr.univ-rennes.fr\/fr\/","logo":{"@type":"ImageObject","inLanguage":"fr-FR","@id":"https:\/\/www.igr.univ-rennes.fr\/fr\/#\/schema\/logo\/image\/","url":"https:\/\/www.igr.univ-rennes.fr\/wp-content\/uploads\/2020\/06\/Logo-IGR-IAE-Rennes_Blanc-300dpi-RVB-e1597327228224.png","contentUrl":"https:\/\/www.igr.univ-rennes.fr\/wp-content\/uploads\/2020\/06\/Logo-IGR-IAE-Rennes_Blanc-300dpi-RVB-e1597327228224.png","width":290,"height":107,"caption":"IGR IAE Rennes"},"image":{"@id":"https:\/\/www.igr.univ-rennes.fr\/fr\/#\/schema\/logo\/image\/"}},{"@type":"Person","@id":"https:\/\/www.igr.univ-rennes.fr\/fr\/#\/schema\/person\/ccc43b9cca93cd7a471bce264778297c","name":"Emma Lebaut","image":{"@type":"ImageObject","inLanguage":"fr-FR","@id":"https:\/\/secure.gravatar.com\/avatar\/7335cda3e2dfc4ebfa35314bea3e26aafa62f4197b0f5cb8f2f30bb7ce493fe5?s=96&d=mm&r=g","url":"https:\/\/secure.gravatar.com\/avatar\/7335cda3e2dfc4ebfa35314bea3e26aafa62f4197b0f5cb8f2f30bb7ce493fe5?s=96&d=mm&r=g","contentUrl":"https:\/\/secure.gravatar.com\/avatar\/7335cda3e2dfc4ebfa35314bea3e26aafa62f4197b0f5cb8f2f30bb7ce493fe5?s=96&d=mm&r=g","caption":"Emma Lebaut"}}]}},"_links":{"self":[{"href":"https:\/\/www.igr.univ-rennes.fr\/fr\/wp-json\/wp\/v2\/posts\/272908","targetHints":{"allow":["GET"]}}],"collection":[{"href":"https:\/\/www.igr.univ-rennes.fr\/fr\/wp-json\/wp\/v2\/posts"}],"about":[{"href":"https:\/\/www.igr.univ-rennes.fr\/fr\/wp-json\/wp\/v2\/types\/post"}],"author":[{"embeddable":true,"href":"https:\/\/www.igr.univ-rennes.fr\/fr\/wp-json\/wp\/v2\/users\/9"}],"replies":[{"embeddable":true,"href":"https:\/\/www.igr.univ-rennes.fr\/fr\/wp-json\/wp\/v2\/comments?post=272908"}],"version-history":[{"count":10,"href":"https:\/\/www.igr.univ-rennes.fr\/fr\/wp-json\/wp\/v2\/posts\/272908\/revisions"}],"predecessor-version":[{"id":273386,"href":"https:\/\/www.igr.univ-rennes.fr\/fr\/wp-json\/wp\/v2\/posts\/272908\/revisions\/273386"}],"wp:featuredmedia":[{"embeddable":true,"href":"https:\/\/www.igr.univ-rennes.fr\/fr\/wp-json\/wp\/v2\/media\/272909"}],"wp:attachment":[{"href":"https:\/\/www.igr.univ-rennes.fr\/fr\/wp-json\/wp\/v2\/media?parent=272908"}],"wp:term":[{"taxonomy":"category","embeddable":true,"href":"https:\/\/www.igr.univ-rennes.fr\/fr\/wp-json\/wp\/v2\/categories?post=272908"},{"taxonomy":"post_tag","embeddable":true,"href":"https:\/\/www.igr.univ-rennes.fr\/fr\/wp-json\/wp\/v2\/tags?post=272908"}],"curies":[{"name":"wp","href":"https:\/\/api.w.org\/{rel}","templated":true}]}}