{"id":266620,"date":"2023-02-06T12:58:15","date_gmt":"2023-02-06T11:58:15","guid":{"rendered":"https:\/\/www.igr.univ-rennes1.fr\/?p=266620"},"modified":"2023-02-14T12:17:29","modified_gmt":"2023-02-14T11:17:29","slug":"retour-sur-la-projection-debat-du-film-ruptures","status":"publish","type":"post","link":"https:\/\/www.igr.univ-rennes.fr\/fr\/retour-sur-la-projection-debat-du-film-ruptures\/","title":{"rendered":"Retour sur la projection-d\u00e9bat du film Ruptures"},"content":{"rendered":"\t\t<div data-elementor-type=\"wp-post\" data-elementor-id=\"266620\" class=\"elementor elementor-266620\">\n\t\t\t\t\t\t\t\t\t<section class=\"elementor-section elementor-top-section elementor-element elementor-element-563e35c elementor-section-boxed elementor-section-height-default elementor-section-height-default\" data-id=\"563e35c\" data-element_type=\"section\">\n\t\t\t\t\t\t<div class=\"elementor-container elementor-column-gap-default\">\n\t\t\t\t\t<div class=\"elementor-column elementor-col-100 elementor-top-column elementor-element elementor-element-a19896a\" data-id=\"a19896a\" data-element_type=\"column\">\n\t\t\t<div class=\"elementor-widget-wrap elementor-element-populated\">\n\t\t\t\t\t\t\t\t<div class=\"elementor-element elementor-element-99c197d elementor-widget elementor-widget-text-editor\" data-id=\"99c197d\" data-element_type=\"widget\" data-widget_type=\"text-editor.default\">\n\t\t\t\t<div class=\"elementor-widget-container\">\n\t\t\t\t\t\t\t<h4>Le 31 janvier, de 18h30 \u00e0 20h30 a eu lieu la projection-d\u00e9bat du film \u00ab\u00a0Ruptures.<\/h4>\t\t\t\t\t\t<\/div>\n\t\t\t\t<\/div>\n\t\t\t\t\t<\/div>\n\t\t<\/div>\n\t\t\t\t\t\t\t<\/div>\n\t\t<\/section>\n\t\t\t\t<section class=\"elementor-section elementor-top-section elementor-element elementor-element-8114c1e elementor-section-boxed elementor-section-height-default elementor-section-height-default\" data-id=\"8114c1e\" data-element_type=\"section\">\n\t\t\t\t\t\t<div class=\"elementor-container elementor-column-gap-default\">\n\t\t\t\t\t<div class=\"elementor-column elementor-col-100 elementor-top-column elementor-element elementor-element-042370d\" data-id=\"042370d\" data-element_type=\"column\">\n\t\t\t<div class=\"elementor-widget-wrap elementor-element-populated\">\n\t\t\t\t\t\t\t\t<div class=\"elementor-element elementor-element-39a19ff elementor-widget elementor-widget-text-editor\" data-id=\"39a19ff\" data-element_type=\"widget\" data-widget_type=\"text-editor.default\">\n\t\t\t\t<div class=\"elementor-widget-container\">\n\t\t\t\t\t\t\t<p>Pendant la soir\u00e9e, <strong>pr\u00e8s de 80 personnes se sont r\u00e9unies pour assister \u00e0 la projection du film Ruptures<\/strong> en Amphith\u00e9\u00e2tre Jane Aubert-Krier. Le film Ruptures retrace l\u2019histoire de 6 jeunes dipl\u00f4m\u00e9s qui ont rompu avec la voie qui leur \u00e9tait promise car elle n\u2019\u00e9tait, selon eux, pas \u00e0 la hauteur des enjeux environnementaux et soci\u00e9taux.<\/p><p>Les participant.e.s \u00e0 l&rsquo;\u00e9v\u00e9nement ont ensuite pu \u00e9couter les <strong>t\u00e9moignages inspirants de 3 Alumni de l&rsquo;IGR-IAE Rennes qui ont d\u00e9cid\u00e9, apr\u00e8s leurs \u00e9tudes, de choisir un m\u00e9tier qui s&rsquo;alignait avec leurs convictions \u00e9cologiques<\/strong>. Ces t\u00e9moignages ont aussi \u00e9t\u00e9 \u00e9clair\u00e9s par le regard de nos deux enseignants-chercheurs : Fanny Reniou et Christophe Vignon. Cet \u00e9change \u00e9tait anim\u00e9 par Marianne Pestiaux, charg\u00e9e de diffusion du film Ruptures.<\/p><p>La soir\u00e9e s&rsquo;est cl\u00f4tur\u00e9e par un \u00e9change avec le public ; le sujet du film et de la table-ronde semblait faire \u00e9cho \u00e0 bon nombre d&rsquo;entre eux.<\/p><p><strong>Un \u00e9v\u00e9nement tr\u00e8s enrichissant, amenant au d\u00e9bat et \u00e0 la r\u00e9flexion, qui nous a permis \u00e0 toutes et tous de nous questionner sur nos choix futurs !<\/strong><\/p>\t\t\t\t\t\t<\/div>\n\t\t\t\t<\/div>\n\t\t\t\t\t<\/div>\n\t\t<\/div>\n\t\t\t\t\t\t\t<\/div>\n\t\t<\/section>\n\t\t\t\t<section class=\"elementor-section elementor-top-section elementor-element elementor-element-7ac6c4a elementor-section-boxed elementor-section-height-default elementor-section-height-default\" data-id=\"7ac6c4a\" data-element_type=\"section\">\n\t\t\t\t\t\t<div class=\"elementor-container elementor-column-gap-default\">\n\t\t\t\t\t<div class=\"elementor-column elementor-col-100 elementor-top-column elementor-element elementor-element-2026f7b\" data-id=\"2026f7b\" data-element_type=\"column\">\n\t\t\t<div class=\"elementor-widget-wrap elementor-element-populated\">\n\t\t\t\t\t\t\t\t<div class=\"elementor-element elementor-element-1a0d720 elementor-widget elementor-widget-image\" data-id=\"1a0d720\" data-element_type=\"widget\" data-widget_type=\"image.default\">\n\t\t\t\t<div class=\"elementor-widget-container\">\n\t\t\t\t\t\t\t\t\t\t\t\t\t\t\t<img decoding=\"async\" width=\"800\" height=\"601\" src=\"https:\/\/www.igr.univ-rennes.fr\/wp-content\/uploads\/2023\/02\/P1050680-1024x769.jpg\" class=\"attachment-large size-large wp-image-266626\" alt=\"\" srcset=\"https:\/\/www.igr.univ-rennes.fr\/wp-content\/uploads\/2023\/02\/P1050680-1024x769.jpg 1024w, https:\/\/www.igr.univ-rennes.fr\/wp-content\/uploads\/2023\/02\/P1050680-300x225.jpg 300w, https:\/\/www.igr.univ-rennes.fr\/wp-content\/uploads\/2023\/02\/P1050680-768x577.jpg 768w, https:\/\/www.igr.univ-rennes.fr\/wp-content\/uploads\/2023\/02\/P1050680-1536x1153.jpg 1536w, https:\/\/www.igr.univ-rennes.fr\/wp-content\/uploads\/2023\/02\/P1050680-2048x1538.jpg 2048w\" sizes=\"(max-width: 800px) 100vw, 800px\" \/>\t\t\t\t\t\t\t\t\t\t\t\t\t\t\t<\/div>\n\t\t\t\t<\/div>\n\t\t\t\t\t<\/div>\n\t\t<\/div>\n\t\t\t\t\t\t\t<\/div>\n\t\t<\/section>\n\t\t\t\t\t\t\t<\/div>\n\t\t","protected":false},"excerpt":{"rendered":"<p>Le 31 janvier, de 18h30 \u00e0 20h30 a eu lieu la projection-d\u00e9bat du film \u00ab\u00a0Ruptures\u00a0\u00bb.<\/p>\n","protected":false},"author":9,"featured_media":266621,"comment_status":"closed","ping_status":"closed","sticky":false,"template":"","format":"standard","meta":{"footnotes":""},"categories":[67],"tags":[],"yoast_head":"<!-- This site is optimized with the Yoast SEO plugin v21.1 - https:\/\/yoast.com\/wordpress\/plugins\/seo\/ -->\n<title>Retour sur la projection-d\u00e9bat du film Ruptures - IGR IAE Rennes<\/title>\n<meta name=\"robots\" content=\"index, follow, max-snippet:-1, max-image-preview:large, max-video-preview:-1\" \/>\n<link rel=\"canonical\" href=\"https:\/\/www.igr.univ-rennes.fr\/fr\/retour-sur-la-projection-debat-du-film-ruptures\/\" \/>\n<meta property=\"og:locale\" content=\"fr_FR\" \/>\n<meta property=\"og:type\" content=\"article\" \/>\n<meta property=\"og:title\" content=\"Retour sur la projection-d\u00e9bat du film Ruptures - IGR IAE Rennes\" \/>\n<meta property=\"og:description\" content=\"Le 31 janvier, de 18h30 \u00e0 20h30 a eu lieu la projection-d\u00e9bat du film &quot;Ruptures&quot;.\" \/>\n<meta property=\"og:url\" content=\"https:\/\/www.igr.univ-rennes.fr\/fr\/retour-sur-la-projection-debat-du-film-ruptures\/\" \/>\n<meta property=\"og:site_name\" content=\"IGR IAE Rennes\" \/>\n<meta property=\"article:published_time\" content=\"2023-02-06T11:58:15+00:00\" \/>\n<meta property=\"article:modified_time\" content=\"2023-02-14T11:17:29+00:00\" \/>\n<meta property=\"og:image\" content=\"https:\/\/www.igr.univ-rennes.fr\/wp-content\/uploads\/2023\/02\/P1050667-Copie-scaled.jpg\" \/>\n\t<meta property=\"og:image:width\" content=\"2560\" \/>\n\t<meta property=\"og:image:height\" content=\"2088\" \/>\n\t<meta property=\"og:image:type\" content=\"image\/jpeg\" \/>\n<meta name=\"author\" content=\"Emma Lebaut\" \/>\n<meta name=\"twitter:card\" content=\"summary_large_image\" \/>\n<meta name=\"twitter:label1\" content=\"\u00c9crit par\" \/>\n\t<meta name=\"twitter:data1\" content=\"Emma Lebaut\" \/>\n\t<meta name=\"twitter:label2\" content=\"Dur\u00e9e de lecture estim\u00e9e\" \/>\n\t<meta name=\"twitter:data2\" content=\"1 minute\" \/>\n<script type=\"application\/ld+json\" class=\"yoast-schema-graph\">{\"@context\":\"https:\/\/schema.org\",\"@graph\":[{\"@type\":\"Article\",\"@id\":\"https:\/\/www.igr.univ-rennes.fr\/fr\/retour-sur-la-projection-debat-du-film-ruptures\/#article\",\"isPartOf\":{\"@id\":\"https:\/\/www.igr.univ-rennes.fr\/fr\/retour-sur-la-projection-debat-du-film-ruptures\/\"},\"author\":{\"name\":\"Emma Lebaut\",\"@id\":\"https:\/\/www.igr.univ-rennes.fr\/fr\/#\/schema\/person\/ccc43b9cca93cd7a471bce264778297c\"},\"headline\":\"Retour sur la projection-d\u00e9bat du film Ruptures\",\"datePublished\":\"2023-02-06T11:58:15+00:00\",\"dateModified\":\"2023-02-14T11:17:29+00:00\",\"mainEntityOfPage\":{\"@id\":\"https:\/\/www.igr.univ-rennes.fr\/fr\/retour-sur-la-projection-debat-du-film-ruptures\/\"},\"wordCount\":211,\"publisher\":{\"@id\":\"https:\/\/www.igr.univ-rennes.fr\/fr\/#organization\"},\"articleSection\":[\"Entreprise\"],\"inLanguage\":\"fr-FR\"},{\"@type\":\"WebPage\",\"@id\":\"https:\/\/www.igr.univ-rennes.fr\/fr\/retour-sur-la-projection-debat-du-film-ruptures\/\",\"url\":\"https:\/\/www.igr.univ-rennes.fr\/fr\/retour-sur-la-projection-debat-du-film-ruptures\/\",\"name\":\"Retour sur la projection-d\u00e9bat du film Ruptures - IGR IAE Rennes\",\"isPartOf\":{\"@id\":\"https:\/\/www.igr.univ-rennes.fr\/fr\/#website\"},\"datePublished\":\"2023-02-06T11:58:15+00:00\",\"dateModified\":\"2023-02-14T11:17:29+00:00\",\"breadcrumb\":{\"@id\":\"https:\/\/www.igr.univ-rennes.fr\/fr\/retour-sur-la-projection-debat-du-film-ruptures\/#breadcrumb\"},\"inLanguage\":\"fr-FR\",\"potentialAction\":[{\"@type\":\"ReadAction\",\"target\":[\"https:\/\/www.igr.univ-rennes.fr\/fr\/retour-sur-la-projection-debat-du-film-ruptures\/\"]}]},{\"@type\":\"BreadcrumbList\",\"@id\":\"https:\/\/www.igr.univ-rennes.fr\/fr\/retour-sur-la-projection-debat-du-film-ruptures\/#breadcrumb\",\"itemListElement\":[{\"@type\":\"ListItem\",\"position\":1,\"name\":\"Accueil\",\"item\":\"https:\/\/www.igr.univ-rennes.fr\/fr\/\"},{\"@type\":\"ListItem\",\"position\":2,\"name\":\"Retour sur la projection-d\u00e9bat du film Ruptures\"}]},{\"@type\":\"WebSite\",\"@id\":\"https:\/\/www.igr.univ-rennes.fr\/fr\/#website\",\"url\":\"https:\/\/www.igr.univ-rennes.fr\/fr\/\",\"name\":\"IGR IAE Rennes\",\"description\":\"\",\"publisher\":{\"@id\":\"https:\/\/www.igr.univ-rennes.fr\/fr\/#organization\"},\"potentialAction\":[{\"@type\":\"SearchAction\",\"target\":{\"@type\":\"EntryPoint\",\"urlTemplate\":\"https:\/\/www.igr.univ-rennes.fr\/fr\/?s={search_term_string}\"},\"query-input\":\"required name=search_term_string\"}],\"inLanguage\":\"fr-FR\"},{\"@type\":\"Organization\",\"@id\":\"https:\/\/www.igr.univ-rennes.fr\/fr\/#organization\",\"name\":\"IGR IAE Rennes\",\"url\":\"https:\/\/www.igr.univ-rennes.fr\/fr\/\",\"logo\":{\"@type\":\"ImageObject\",\"inLanguage\":\"fr-FR\",\"@id\":\"https:\/\/www.igr.univ-rennes.fr\/fr\/#\/schema\/logo\/image\/\",\"url\":\"https:\/\/www.igr.univ-rennes.fr\/wp-content\/uploads\/2020\/06\/Logo-IGR-IAE-Rennes_Blanc-300dpi-RVB-e1597327228224.png\",\"contentUrl\":\"https:\/\/www.igr.univ-rennes.fr\/wp-content\/uploads\/2020\/06\/Logo-IGR-IAE-Rennes_Blanc-300dpi-RVB-e1597327228224.png\",\"width\":290,\"height\":107,\"caption\":\"IGR IAE Rennes\"},\"image\":{\"@id\":\"https:\/\/www.igr.univ-rennes.fr\/fr\/#\/schema\/logo\/image\/\"}},{\"@type\":\"Person\",\"@id\":\"https:\/\/www.igr.univ-rennes.fr\/fr\/#\/schema\/person\/ccc43b9cca93cd7a471bce264778297c\",\"name\":\"Emma Lebaut\",\"image\":{\"@type\":\"ImageObject\",\"inLanguage\":\"fr-FR\",\"@id\":\"https:\/\/www.igr.univ-rennes.fr\/fr\/#\/schema\/person\/image\/\",\"url\":\"https:\/\/secure.gravatar.com\/avatar\/5595dd0d6a0a6d72d586285ccf5929f4?s=96&d=mm&r=g\",\"contentUrl\":\"https:\/\/secure.gravatar.com\/avatar\/5595dd0d6a0a6d72d586285ccf5929f4?s=96&d=mm&r=g\",\"caption\":\"Emma Lebaut\"}}]}<\/script>\n<!-- \/ Yoast SEO plugin. -->","yoast_head_json":{"title":"Retour sur la projection-d\u00e9bat du film Ruptures - IGR IAE Rennes","robots":{"index":"index","follow":"follow","max-snippet":"max-snippet:-1","max-image-preview":"max-image-preview:large","max-video-preview":"max-video-preview:-1"},"canonical":"https:\/\/www.igr.univ-rennes.fr\/fr\/retour-sur-la-projection-debat-du-film-ruptures\/","og_locale":"fr_FR","og_type":"article","og_title":"Retour sur la projection-d\u00e9bat du film Ruptures - IGR IAE Rennes","og_description":"Le 31 janvier, de 18h30 \u00e0 20h30 a eu lieu la projection-d\u00e9bat du film \"Ruptures\".","og_url":"https:\/\/www.igr.univ-rennes.fr\/fr\/retour-sur-la-projection-debat-du-film-ruptures\/","og_site_name":"IGR IAE Rennes","article_published_time":"2023-02-06T11:58:15+00:00","article_modified_time":"2023-02-14T11:17:29+00:00","og_image":[{"width":2560,"height":2088,"url":"https:\/\/www.igr.univ-rennes.fr\/wp-content\/uploads\/2023\/02\/P1050667-Copie-scaled.jpg","type":"image\/jpeg"}],"author":"Emma Lebaut","twitter_card":"summary_large_image","twitter_misc":{"\u00c9crit par":"Emma Lebaut","Dur\u00e9e de lecture estim\u00e9e":"1 minute"},"schema":{"@context":"https:\/\/schema.org","@graph":[{"@type":"Article","@id":"https:\/\/www.igr.univ-rennes.fr\/fr\/retour-sur-la-projection-debat-du-film-ruptures\/#article","isPartOf":{"@id":"https:\/\/www.igr.univ-rennes.fr\/fr\/retour-sur-la-projection-debat-du-film-ruptures\/"},"author":{"name":"Emma Lebaut","@id":"https:\/\/www.igr.univ-rennes.fr\/fr\/#\/schema\/person\/ccc43b9cca93cd7a471bce264778297c"},"headline":"Retour sur la projection-d\u00e9bat du film Ruptures","datePublished":"2023-02-06T11:58:15+00:00","dateModified":"2023-02-14T11:17:29+00:00","mainEntityOfPage":{"@id":"https:\/\/www.igr.univ-rennes.fr\/fr\/retour-sur-la-projection-debat-du-film-ruptures\/"},"wordCount":211,"publisher":{"@id":"https:\/\/www.igr.univ-rennes.fr\/fr\/#organization"},"articleSection":["Entreprise"],"inLanguage":"fr-FR"},{"@type":"WebPage","@id":"https:\/\/www.igr.univ-rennes.fr\/fr\/retour-sur-la-projection-debat-du-film-ruptures\/","url":"https:\/\/www.igr.univ-rennes.fr\/fr\/retour-sur-la-projection-debat-du-film-ruptures\/","name":"Retour sur la projection-d\u00e9bat du film Ruptures - IGR IAE Rennes","isPartOf":{"@id":"https:\/\/www.igr.univ-rennes.fr\/fr\/#website"},"datePublished":"2023-02-06T11:58:15+00:00","dateModified":"2023-02-14T11:17:29+00:00","breadcrumb":{"@id":"https:\/\/www.igr.univ-rennes.fr\/fr\/retour-sur-la-projection-debat-du-film-ruptures\/#breadcrumb"},"inLanguage":"fr-FR","potentialAction":[{"@type":"ReadAction","target":["https:\/\/www.igr.univ-rennes.fr\/fr\/retour-sur-la-projection-debat-du-film-ruptures\/"]}]},{"@type":"BreadcrumbList","@id":"https:\/\/www.igr.univ-rennes.fr\/fr\/retour-sur-la-projection-debat-du-film-ruptures\/#breadcrumb","itemListElement":[{"@type":"ListItem","position":1,"name":"Accueil","item":"https:\/\/www.igr.univ-rennes.fr\/fr\/"},{"@type":"ListItem","position":2,"name":"Retour sur la projection-d\u00e9bat du film Ruptures"}]},{"@type":"WebSite","@id":"https:\/\/www.igr.univ-rennes.fr\/fr\/#website","url":"https:\/\/www.igr.univ-rennes.fr\/fr\/","name":"IGR IAE Rennes","description":"","publisher":{"@id":"https:\/\/www.igr.univ-rennes.fr\/fr\/#organization"},"potentialAction":[{"@type":"SearchAction","target":{"@type":"EntryPoint","urlTemplate":"https:\/\/www.igr.univ-rennes.fr\/fr\/?s={search_term_string}"},"query-input":"required name=search_term_string"}],"inLanguage":"fr-FR"},{"@type":"Organization","@id":"https:\/\/www.igr.univ-rennes.fr\/fr\/#organization","name":"IGR IAE Rennes","url":"https:\/\/www.igr.univ-rennes.fr\/fr\/","logo":{"@type":"ImageObject","inLanguage":"fr-FR","@id":"https:\/\/www.igr.univ-rennes.fr\/fr\/#\/schema\/logo\/image\/","url":"https:\/\/www.igr.univ-rennes.fr\/wp-content\/uploads\/2020\/06\/Logo-IGR-IAE-Rennes_Blanc-300dpi-RVB-e1597327228224.png","contentUrl":"https:\/\/www.igr.univ-rennes.fr\/wp-content\/uploads\/2020\/06\/Logo-IGR-IAE-Rennes_Blanc-300dpi-RVB-e1597327228224.png","width":290,"height":107,"caption":"IGR IAE Rennes"},"image":{"@id":"https:\/\/www.igr.univ-rennes.fr\/fr\/#\/schema\/logo\/image\/"}},{"@type":"Person","@id":"https:\/\/www.igr.univ-rennes.fr\/fr\/#\/schema\/person\/ccc43b9cca93cd7a471bce264778297c","name":"Emma Lebaut","image":{"@type":"ImageObject","inLanguage":"fr-FR","@id":"https:\/\/www.igr.univ-rennes.fr\/fr\/#\/schema\/person\/image\/","url":"https:\/\/secure.gravatar.com\/avatar\/5595dd0d6a0a6d72d586285ccf5929f4?s=96&d=mm&r=g","contentUrl":"https:\/\/secure.gravatar.com\/avatar\/5595dd0d6a0a6d72d586285ccf5929f4?s=96&d=mm&r=g","caption":"Emma Lebaut"}}]}},"_links":{"self":[{"href":"https:\/\/www.igr.univ-rennes.fr\/fr\/wp-json\/wp\/v2\/posts\/266620"}],"collection":[{"href":"https:\/\/www.igr.univ-rennes.fr\/fr\/wp-json\/wp\/v2\/posts"}],"about":[{"href":"https:\/\/www.igr.univ-rennes.fr\/fr\/wp-json\/wp\/v2\/types\/post"}],"author":[{"embeddable":true,"href":"https:\/\/www.igr.univ-rennes.fr\/fr\/wp-json\/wp\/v2\/users\/9"}],"replies":[{"embeddable":true,"href":"https:\/\/www.igr.univ-rennes.fr\/fr\/wp-json\/wp\/v2\/comments?post=266620"}],"version-history":[{"count":5,"href":"https:\/\/www.igr.univ-rennes.fr\/fr\/wp-json\/wp\/v2\/posts\/266620\/revisions"}],"predecessor-version":[{"id":268755,"href":"https:\/\/www.igr.univ-rennes.fr\/fr\/wp-json\/wp\/v2\/posts\/266620\/revisions\/268755"}],"wp:featuredmedia":[{"embeddable":true,"href":"https:\/\/www.igr.univ-rennes.fr\/fr\/wp-json\/wp\/v2\/media\/266621"}],"wp:attachment":[{"href":"https:\/\/www.igr.univ-rennes.fr\/fr\/wp-json\/wp\/v2\/media?parent=266620"}],"wp:term":[{"taxonomy":"category","embeddable":true,"href":"https:\/\/www.igr.univ-rennes.fr\/fr\/wp-json\/wp\/v2\/categories?post=266620"},{"taxonomy":"post_tag","embeddable":true,"href":"https:\/\/www.igr.univ-rennes.fr\/fr\/wp-json\/wp\/v2\/tags?post=266620"}],"curies":[{"name":"wp","href":"https:\/\/api.w.org\/{rel}","templated":true}]}}