{"id":202143,"date":"2022-05-06T15:26:49","date_gmt":"2022-05-06T13:26:49","guid":{"rendered":"https:\/\/www.igr.univ-rennes1.fr\/?p=202143"},"modified":"2022-05-23T14:37:32","modified_gmt":"2022-05-23T12:37:32","slug":"conference-prospective-emploi-2022","status":"publish","type":"post","link":"https:\/\/www.igr.univ-rennes.fr\/fr\/conference-prospective-emploi-2022\/","title":{"rendered":"Conf\u00e9rence : Prospective emploi 2022"},"content":{"rendered":"\t\t<div data-elementor-type=\"wp-post\" data-elementor-id=\"202143\" class=\"elementor elementor-202143\">\n\t\t\t\t\t\t\t\t\t<section class=\"elementor-section elementor-top-section elementor-element elementor-element-45e0f89 elementor-section-boxed elementor-section-height-default elementor-section-height-default\" data-id=\"45e0f89\" data-element_type=\"section\">\n\t\t\t\t\t\t<div class=\"elementor-container elementor-column-gap-default\">\n\t\t\t\t\t<div class=\"elementor-column elementor-col-100 elementor-top-column elementor-element elementor-element-b4ccccd\" data-id=\"b4ccccd\" data-element_type=\"column\">\n\t\t\t<div class=\"elementor-widget-wrap elementor-element-populated\">\n\t\t\t\t\t\t\t\t<div class=\"elementor-element elementor-element-c8dba67 elementor-widget elementor-widget-text-editor\" data-id=\"c8dba67\" data-element_type=\"widget\" data-widget_type=\"text-editor.default\">\n\t\t\t\t<div class=\"elementor-widget-container\">\n\t\t\t\t\t\t\t<p>L&rsquo;IGR-IAE Rennes et son partenaire l&rsquo;<a href=\"https:\/\/www.apec.fr\/?xtor=SEC-6004&amp;gclid=CjwKCAjwjtOTBhAvEiwASG4bCFTVRCvRLHmC-5yHOJpPYpHYWMGuT0rnkOqZdCKQHI42RWFYrQchlRoC01gQAvD_BwE&amp;gclsrc=aw.ds\" target=\"_blank\" rel=\"noopener\">APEC<\/a> ont le grand plaisir de vous convier \u00e0 la conf\u00e9rence \u00ab\u00a0<strong>Prospective Emploi : March\u00e9 de l&#8217;emploi breton et recrutement des cadres en 2022<\/strong>\u00ab\u00a0<\/p><p>Cette conf\u00e9rence se d\u00e9roulera le <strong>vendredi 20 mai 2022 de 10h \u00e0 12h<\/strong> dans les locaux de l&rsquo;IGR-IAE Rennes et sera \u00e9galement accessible en ligne.<\/p><p>Afin d&rsquo;avoir une meilleure int\u00e9raction avec les intervenants, nous vous invitions \u00e0 privil\u00e9gier une participation en pr\u00e9sentiel d\u00e8s 9h30 dans l&rsquo;amphith\u00e9\u00e2tre 2 de l&rsquo;IGR-IAE Rennes. Cette conf\u00e9rence sera suivie d\u2019un cocktail d\u00e9jeunatoire.<\/p><p><strong>Mme Poilpot-Rocaboy<\/strong>, Directice G\u00e9n\u00e9rale de L&rsquo;IGR-IAE Rennes et <strong>Mme Collet<\/strong>, Pr\u00e9sidente de L&rsquo;APEC assureront l&rsquo;introduction de cette conf\u00e9rence.<\/p><p><strong>M. Maurin<\/strong>, D\u00e9l\u00e9gu\u00e9 R\u00e9gional Bretagne &amp; <strong>M. Fillatre<\/strong>, Responsable APEC Rennes livreront ensuite les enseignements \u00e0 tirer de leur enqu\u00eate panel (actualis\u00e9e en avril) sur les perspectives de recrutement des entreprises bretonnes en 2022 avant d&rsquo;aborder les r\u00e9sultats de leur derni\u00e8re enqu\u00eate sur l&rsquo;insertion professionnelle des cadres en Bretagne.<\/p><p><strong>M. Jeulin<\/strong>, dirigeant du groupe Geirec et pr\u00e9sident de la Fondation IGR-IAE, cl\u00f4turera cette rencontre en pr\u00e9sentant la Fondation IGR-IAE et ses actions en faveur de la mise en ad\u00e9quation des comp\u00e9tences des \u00e9tudiants, avec les besoins des entreprises du territoire.<\/p><p>Pour participer \u00e0 cette rencontre, merci de compl\u00e9ter le questionnaire <span style=\"color: #1ecad3;\">avant le 14 mai 2022<\/span> :<\/p>\t\t\t\t\t\t<\/div>\n\t\t\t\t<\/div>\n\t\t\t\t\t<\/div>\n\t\t<\/div>\n\t\t\t\t\t\t\t<\/div>\n\t\t<\/section>\n\t\t\t\t<section class=\"elementor-section elementor-top-section elementor-element elementor-element-6154ae3 elementor-section-boxed elementor-section-height-default elementor-section-height-default\" data-id=\"6154ae3\" data-element_type=\"section\">\n\t\t\t\t\t\t<div class=\"elementor-container elementor-column-gap-default\">\n\t\t\t\t\t<div class=\"elementor-column elementor-col-100 elementor-top-column elementor-element elementor-element-c6c33cd\" data-id=\"c6c33cd\" data-element_type=\"column\">\n\t\t\t<div class=\"elementor-widget-wrap elementor-element-populated\">\n\t\t\t\t\t\t\t\t<div class=\"elementor-element elementor-element-5c71fbf elementor-align-center elementor-widget elementor-widget-button\" data-id=\"5c71fbf\" data-element_type=\"widget\" data-widget_type=\"button.default\">\n\t\t\t\t<div class=\"elementor-widget-container\">\n\t\t\t\t\t<div class=\"elementor-button-wrapper\">\n\t\t\t<a class=\"elementor-button elementor-button-link elementor-size-sm\" href=\"https:\/\/docs.google.com\/forms\/d\/e\/1FAIpQLSdy569JOU77ASY30kSYDd8-Zsbb-aNLn2OUCuBfUIPaZGrrDg\/viewform?usp=sf_link\">\n\t\t\t\t\t\t<span class=\"elementor-button-content-wrapper\">\n\t\t\t\t\t\t<span class=\"elementor-button-text\">Je partcipe<\/span>\n\t\t<\/span>\n\t\t\t\t\t<\/a>\n\t\t<\/div>\n\t\t\t\t<\/div>\n\t\t\t\t<\/div>\n\t\t\t\t\t<\/div>\n\t\t<\/div>\n\t\t\t\t\t\t\t<\/div>\n\t\t<\/section>\n\t\t\t\t\t\t\t<\/div>\n\t\t","protected":false},"excerpt":{"rendered":"<p>L&rsquo;IGR-IAE Rennes et son partenaire l&rsquo;APEC ont le grand plaisir de vous convier \u00e0 la conf\u00e9rence \u00ab\u00a0Prospective Emploi : March\u00e9 de l&#8217;emploi breton et insertion des cadres en 2022\u00a0\u00bb<\/p>\n","protected":false},"author":32,"featured_media":203698,"comment_status":"closed","ping_status":"closed","sticky":false,"template":"","format":"standard","meta":{"footnotes":""},"categories":[67],"tags":[],"yoast_head":"<!-- This site is optimized with the Yoast SEO plugin v21.1 - https:\/\/yoast.com\/wordpress\/plugins\/seo\/ -->\n<title>Conf\u00e9rence : Prospective emploi 2022 - IGR IAE Rennes<\/title>\n<meta name=\"robots\" content=\"index, follow, max-snippet:-1, max-image-preview:large, max-video-preview:-1\" \/>\n<link rel=\"canonical\" href=\"https:\/\/www.igr.univ-rennes.fr\/fr\/conference-prospective-emploi-2022\/\" \/>\n<meta property=\"og:locale\" content=\"fr_FR\" \/>\n<meta property=\"og:type\" content=\"article\" \/>\n<meta property=\"og:title\" content=\"Conf\u00e9rence : Prospective emploi 2022 - IGR IAE Rennes\" \/>\n<meta property=\"og:description\" content=\"L&#039;IGR-IAE Rennes et son partenaire l&#039;APEC ont le grand plaisir de vous convier \u00e0 la conf\u00e9rence &quot;Prospective Emploi : March\u00e9 de l&#039;emploi breton et insertion des cadres en 2022&quot;\" \/>\n<meta property=\"og:url\" content=\"https:\/\/www.igr.univ-rennes.fr\/fr\/conference-prospective-emploi-2022\/\" \/>\n<meta property=\"og:site_name\" content=\"IGR IAE Rennes\" \/>\n<meta property=\"article:published_time\" content=\"2022-05-06T13:26:49+00:00\" \/>\n<meta property=\"article:modified_time\" content=\"2022-05-23T12:37:32+00:00\" \/>\n<meta property=\"og:image\" content=\"https:\/\/www.igr.univ-rennes.fr\/wp-content\/uploads\/2022\/05\/Conference-APEC-20-mai-2022.jpg\" \/>\n\t<meta property=\"og:image:width\" content=\"1920\" \/>\n\t<meta property=\"og:image:height\" content=\"1080\" \/>\n\t<meta property=\"og:image:type\" content=\"image\/jpeg\" \/>\n<meta name=\"author\" content=\"Ma\u00ebva Tardif\" \/>\n<meta name=\"twitter:card\" content=\"summary_large_image\" \/>\n<meta name=\"twitter:label1\" content=\"\u00c9crit par\" \/>\n\t<meta name=\"twitter:data1\" content=\"Ma\u00ebva Tardif\" \/>\n\t<meta name=\"twitter:label2\" content=\"Dur\u00e9e de lecture estim\u00e9e\" \/>\n\t<meta name=\"twitter:data2\" content=\"1 minute\" \/>\n<script type=\"application\/ld+json\" class=\"yoast-schema-graph\">{\"@context\":\"https:\/\/schema.org\",\"@graph\":[{\"@type\":\"Article\",\"@id\":\"https:\/\/www.igr.univ-rennes.fr\/fr\/conference-prospective-emploi-2022\/#article\",\"isPartOf\":{\"@id\":\"https:\/\/www.igr.univ-rennes.fr\/fr\/conference-prospective-emploi-2022\/\"},\"author\":{\"name\":\"Ma\u00ebva Tardif\",\"@id\":\"https:\/\/www.igr.univ-rennes.fr\/fr\/#\/schema\/person\/97a545768619557401c16bd28eb919e6\"},\"headline\":\"Conf\u00e9rence : Prospective emploi 2022\",\"datePublished\":\"2022-05-06T13:26:49+00:00\",\"dateModified\":\"2022-05-23T12:37:32+00:00\",\"mainEntityOfPage\":{\"@id\":\"https:\/\/www.igr.univ-rennes.fr\/fr\/conference-prospective-emploi-2022\/\"},\"wordCount\":231,\"publisher\":{\"@id\":\"https:\/\/www.igr.univ-rennes.fr\/fr\/#organization\"},\"articleSection\":[\"Entreprise\"],\"inLanguage\":\"fr-FR\"},{\"@type\":\"WebPage\",\"@id\":\"https:\/\/www.igr.univ-rennes.fr\/fr\/conference-prospective-emploi-2022\/\",\"url\":\"https:\/\/www.igr.univ-rennes.fr\/fr\/conference-prospective-emploi-2022\/\",\"name\":\"Conf\u00e9rence : Prospective emploi 2022 - IGR IAE Rennes\",\"isPartOf\":{\"@id\":\"https:\/\/www.igr.univ-rennes.fr\/fr\/#website\"},\"datePublished\":\"2022-05-06T13:26:49+00:00\",\"dateModified\":\"2022-05-23T12:37:32+00:00\",\"breadcrumb\":{\"@id\":\"https:\/\/www.igr.univ-rennes.fr\/fr\/conference-prospective-emploi-2022\/#breadcrumb\"},\"inLanguage\":\"fr-FR\",\"potentialAction\":[{\"@type\":\"ReadAction\",\"target\":[\"https:\/\/www.igr.univ-rennes.fr\/fr\/conference-prospective-emploi-2022\/\"]}]},{\"@type\":\"BreadcrumbList\",\"@id\":\"https:\/\/www.igr.univ-rennes.fr\/fr\/conference-prospective-emploi-2022\/#breadcrumb\",\"itemListElement\":[{\"@type\":\"ListItem\",\"position\":1,\"name\":\"Accueil\",\"item\":\"https:\/\/www.igr.univ-rennes.fr\/fr\/\"},{\"@type\":\"ListItem\",\"position\":2,\"name\":\"Conf\u00e9rence : Prospective emploi 2022\"}]},{\"@type\":\"WebSite\",\"@id\":\"https:\/\/www.igr.univ-rennes.fr\/fr\/#website\",\"url\":\"https:\/\/www.igr.univ-rennes.fr\/fr\/\",\"name\":\"IGR IAE Rennes\",\"description\":\"\",\"publisher\":{\"@id\":\"https:\/\/www.igr.univ-rennes.fr\/fr\/#organization\"},\"potentialAction\":[{\"@type\":\"SearchAction\",\"target\":{\"@type\":\"EntryPoint\",\"urlTemplate\":\"https:\/\/www.igr.univ-rennes.fr\/fr\/?s={search_term_string}\"},\"query-input\":\"required name=search_term_string\"}],\"inLanguage\":\"fr-FR\"},{\"@type\":\"Organization\",\"@id\":\"https:\/\/www.igr.univ-rennes.fr\/fr\/#organization\",\"name\":\"IGR IAE Rennes\",\"url\":\"https:\/\/www.igr.univ-rennes.fr\/fr\/\",\"logo\":{\"@type\":\"ImageObject\",\"inLanguage\":\"fr-FR\",\"@id\":\"https:\/\/www.igr.univ-rennes.fr\/fr\/#\/schema\/logo\/image\/\",\"url\":\"https:\/\/www.igr.univ-rennes.fr\/wp-content\/uploads\/2020\/06\/Logo-IGR-IAE-Rennes_Blanc-300dpi-RVB-e1597327228224.png\",\"contentUrl\":\"https:\/\/www.igr.univ-rennes.fr\/wp-content\/uploads\/2020\/06\/Logo-IGR-IAE-Rennes_Blanc-300dpi-RVB-e1597327228224.png\",\"width\":290,\"height\":107,\"caption\":\"IGR IAE Rennes\"},\"image\":{\"@id\":\"https:\/\/www.igr.univ-rennes.fr\/fr\/#\/schema\/logo\/image\/\"}},{\"@type\":\"Person\",\"@id\":\"https:\/\/www.igr.univ-rennes.fr\/fr\/#\/schema\/person\/97a545768619557401c16bd28eb919e6\",\"name\":\"Ma\u00ebva Tardif\",\"image\":{\"@type\":\"ImageObject\",\"inLanguage\":\"fr-FR\",\"@id\":\"https:\/\/www.igr.univ-rennes.fr\/fr\/#\/schema\/person\/image\/\",\"url\":\"https:\/\/secure.gravatar.com\/avatar\/efec443f8e689fbae3fe4d62c2f19163?s=96&d=mm&r=g\",\"contentUrl\":\"https:\/\/secure.gravatar.com\/avatar\/efec443f8e689fbae3fe4d62c2f19163?s=96&d=mm&r=g\",\"caption\":\"Ma\u00ebva Tardif\"}}]}<\/script>\n<!-- \/ Yoast SEO plugin. -->","yoast_head_json":{"title":"Conf\u00e9rence : Prospective emploi 2022 - IGR IAE Rennes","robots":{"index":"index","follow":"follow","max-snippet":"max-snippet:-1","max-image-preview":"max-image-preview:large","max-video-preview":"max-video-preview:-1"},"canonical":"https:\/\/www.igr.univ-rennes.fr\/fr\/conference-prospective-emploi-2022\/","og_locale":"fr_FR","og_type":"article","og_title":"Conf\u00e9rence : Prospective emploi 2022 - IGR IAE Rennes","og_description":"L'IGR-IAE Rennes et son partenaire l'APEC ont le grand plaisir de vous convier \u00e0 la conf\u00e9rence \"Prospective Emploi : March\u00e9 de l'emploi breton et insertion des cadres en 2022\"","og_url":"https:\/\/www.igr.univ-rennes.fr\/fr\/conference-prospective-emploi-2022\/","og_site_name":"IGR IAE Rennes","article_published_time":"2022-05-06T13:26:49+00:00","article_modified_time":"2022-05-23T12:37:32+00:00","og_image":[{"width":1920,"height":1080,"url":"https:\/\/www.igr.univ-rennes.fr\/wp-content\/uploads\/2022\/05\/Conference-APEC-20-mai-2022.jpg","type":"image\/jpeg"}],"author":"Ma\u00ebva Tardif","twitter_card":"summary_large_image","twitter_misc":{"\u00c9crit par":"Ma\u00ebva Tardif","Dur\u00e9e de lecture estim\u00e9e":"1 minute"},"schema":{"@context":"https:\/\/schema.org","@graph":[{"@type":"Article","@id":"https:\/\/www.igr.univ-rennes.fr\/fr\/conference-prospective-emploi-2022\/#article","isPartOf":{"@id":"https:\/\/www.igr.univ-rennes.fr\/fr\/conference-prospective-emploi-2022\/"},"author":{"name":"Ma\u00ebva Tardif","@id":"https:\/\/www.igr.univ-rennes.fr\/fr\/#\/schema\/person\/97a545768619557401c16bd28eb919e6"},"headline":"Conf\u00e9rence : Prospective emploi 2022","datePublished":"2022-05-06T13:26:49+00:00","dateModified":"2022-05-23T12:37:32+00:00","mainEntityOfPage":{"@id":"https:\/\/www.igr.univ-rennes.fr\/fr\/conference-prospective-emploi-2022\/"},"wordCount":231,"publisher":{"@id":"https:\/\/www.igr.univ-rennes.fr\/fr\/#organization"},"articleSection":["Entreprise"],"inLanguage":"fr-FR"},{"@type":"WebPage","@id":"https:\/\/www.igr.univ-rennes.fr\/fr\/conference-prospective-emploi-2022\/","url":"https:\/\/www.igr.univ-rennes.fr\/fr\/conference-prospective-emploi-2022\/","name":"Conf\u00e9rence : Prospective emploi 2022 - IGR IAE Rennes","isPartOf":{"@id":"https:\/\/www.igr.univ-rennes.fr\/fr\/#website"},"datePublished":"2022-05-06T13:26:49+00:00","dateModified":"2022-05-23T12:37:32+00:00","breadcrumb":{"@id":"https:\/\/www.igr.univ-rennes.fr\/fr\/conference-prospective-emploi-2022\/#breadcrumb"},"inLanguage":"fr-FR","potentialAction":[{"@type":"ReadAction","target":["https:\/\/www.igr.univ-rennes.fr\/fr\/conference-prospective-emploi-2022\/"]}]},{"@type":"BreadcrumbList","@id":"https:\/\/www.igr.univ-rennes.fr\/fr\/conference-prospective-emploi-2022\/#breadcrumb","itemListElement":[{"@type":"ListItem","position":1,"name":"Accueil","item":"https:\/\/www.igr.univ-rennes.fr\/fr\/"},{"@type":"ListItem","position":2,"name":"Conf\u00e9rence : Prospective emploi 2022"}]},{"@type":"WebSite","@id":"https:\/\/www.igr.univ-rennes.fr\/fr\/#website","url":"https:\/\/www.igr.univ-rennes.fr\/fr\/","name":"IGR IAE Rennes","description":"","publisher":{"@id":"https:\/\/www.igr.univ-rennes.fr\/fr\/#organization"},"potentialAction":[{"@type":"SearchAction","target":{"@type":"EntryPoint","urlTemplate":"https:\/\/www.igr.univ-rennes.fr\/fr\/?s={search_term_string}"},"query-input":"required name=search_term_string"}],"inLanguage":"fr-FR"},{"@type":"Organization","@id":"https:\/\/www.igr.univ-rennes.fr\/fr\/#organization","name":"IGR IAE Rennes","url":"https:\/\/www.igr.univ-rennes.fr\/fr\/","logo":{"@type":"ImageObject","inLanguage":"fr-FR","@id":"https:\/\/www.igr.univ-rennes.fr\/fr\/#\/schema\/logo\/image\/","url":"https:\/\/www.igr.univ-rennes.fr\/wp-content\/uploads\/2020\/06\/Logo-IGR-IAE-Rennes_Blanc-300dpi-RVB-e1597327228224.png","contentUrl":"https:\/\/www.igr.univ-rennes.fr\/wp-content\/uploads\/2020\/06\/Logo-IGR-IAE-Rennes_Blanc-300dpi-RVB-e1597327228224.png","width":290,"height":107,"caption":"IGR IAE Rennes"},"image":{"@id":"https:\/\/www.igr.univ-rennes.fr\/fr\/#\/schema\/logo\/image\/"}},{"@type":"Person","@id":"https:\/\/www.igr.univ-rennes.fr\/fr\/#\/schema\/person\/97a545768619557401c16bd28eb919e6","name":"Ma\u00ebva Tardif","image":{"@type":"ImageObject","inLanguage":"fr-FR","@id":"https:\/\/www.igr.univ-rennes.fr\/fr\/#\/schema\/person\/image\/","url":"https:\/\/secure.gravatar.com\/avatar\/efec443f8e689fbae3fe4d62c2f19163?s=96&d=mm&r=g","contentUrl":"https:\/\/secure.gravatar.com\/avatar\/efec443f8e689fbae3fe4d62c2f19163?s=96&d=mm&r=g","caption":"Ma\u00ebva Tardif"}}]}},"_links":{"self":[{"href":"https:\/\/www.igr.univ-rennes.fr\/fr\/wp-json\/wp\/v2\/posts\/202143"}],"collection":[{"href":"https:\/\/www.igr.univ-rennes.fr\/fr\/wp-json\/wp\/v2\/posts"}],"about":[{"href":"https:\/\/www.igr.univ-rennes.fr\/fr\/wp-json\/wp\/v2\/types\/post"}],"author":[{"embeddable":true,"href":"https:\/\/www.igr.univ-rennes.fr\/fr\/wp-json\/wp\/v2\/users\/32"}],"replies":[{"embeddable":true,"href":"https:\/\/www.igr.univ-rennes.fr\/fr\/wp-json\/wp\/v2\/comments?post=202143"}],"version-history":[{"count":12,"href":"https:\/\/www.igr.univ-rennes.fr\/fr\/wp-json\/wp\/v2\/posts\/202143\/revisions"}],"predecessor-version":[{"id":203700,"href":"https:\/\/www.igr.univ-rennes.fr\/fr\/wp-json\/wp\/v2\/posts\/202143\/revisions\/203700"}],"wp:featuredmedia":[{"embeddable":true,"href":"https:\/\/www.igr.univ-rennes.fr\/fr\/wp-json\/wp\/v2\/media\/203698"}],"wp:attachment":[{"href":"https:\/\/www.igr.univ-rennes.fr\/fr\/wp-json\/wp\/v2\/media?parent=202143"}],"wp:term":[{"taxonomy":"category","embeddable":true,"href":"https:\/\/www.igr.univ-rennes.fr\/fr\/wp-json\/wp\/v2\/categories?post=202143"},{"taxonomy":"post_tag","embeddable":true,"href":"https:\/\/www.igr.univ-rennes.fr\/fr\/wp-json\/wp\/v2\/tags?post=202143"}],"curies":[{"name":"wp","href":"https:\/\/api.w.org\/{rel}","templated":true}]}}