{"id":324137,"date":"2023-10-08T10:01:45","date_gmt":"2023-10-08T08:01:45","guid":{"rendered":"https:\/\/www.igr.univ-rennes.fr\/?p=324137"},"modified":"2023-10-11T11:56:39","modified_gmt":"2023-10-11T09:56:39","slug":"igr-iae-rennes-attends-the-eaie-international-fair-in-rotterdam","status":"publish","type":"post","link":"https:\/\/www.igr.univ-rennes.fr\/en\/igr-iae-rennes-attends-the-eaie-international-fair-in-rotterdam\/","title":{"rendered":"IGR-IAE Rennes attends the EAIE international fair in Rotterdam"},"content":{"rendered":"\t\t<div data-elementor-type=\"wp-post\" data-elementor-id=\"324137\" class=\"elementor elementor-324137\">\n\t\t\t\t\t\t\t\t\t<section class=\"elementor-section elementor-top-section elementor-element elementor-element-a4b5173 elementor-section-boxed elementor-section-height-default elementor-section-height-default\" data-id=\"a4b5173\" data-element_type=\"section\">\n\t\t\t\t\t\t<div class=\"elementor-container elementor-column-gap-default\">\n\t\t\t\t\t<div class=\"elementor-column elementor-col-100 elementor-top-column elementor-element elementor-element-e66d520\" data-id=\"e66d520\" data-element_type=\"column\">\n\t\t\t<div class=\"elementor-widget-wrap elementor-element-populated\">\n\t\t\t\t\t\t\t\t<div class=\"elementor-element elementor-element-e47cd82 elementor-widget elementor-widget-text-editor\" data-id=\"e47cd82\" data-element_type=\"widget\" data-widget_type=\"text-editor.default\">\n\t\t\t\t<div class=\"elementor-widget-container\">\n\t\t\t\t\t\t\t<p>Laura SABBADO DA ROSA, Vice Dean for International Affairs at IGR-IAE, represented the school at the annual EAIE meeting, the most important European conference in the world of international higher education. The event took place in Rotterdam from September 26 to 29 and brought together representatives of universities from all over the world.<\/p>\t\t\t\t\t\t<\/div>\n\t\t\t\t<\/div>\n\t\t\t\t\t<\/div>\n\t\t<\/div>\n\t\t\t\t\t\t\t<\/div>\n\t\t<\/section>\n\t\t\t\t<section class=\"elementor-section elementor-top-section elementor-element elementor-element-0cf3083 elementor-section-boxed elementor-section-height-default elementor-section-height-default\" data-id=\"0cf3083\" data-element_type=\"section\">\n\t\t\t\t\t\t<div class=\"elementor-container elementor-column-gap-default\">\n\t\t\t\t\t<div class=\"elementor-column elementor-col-100 elementor-top-column elementor-element elementor-element-a6472ea\" data-id=\"a6472ea\" data-element_type=\"column\">\n\t\t\t<div class=\"elementor-widget-wrap elementor-element-populated\">\n\t\t\t\t\t\t\t\t<div class=\"elementor-element elementor-element-001b28e elementor-widget elementor-widget-heading\" data-id=\"001b28e\" data-element_type=\"widget\" data-widget_type=\"heading.default\">\n\t\t\t\t<div class=\"elementor-widget-container\">\n\t\t\t<h2 class=\"elementor-heading-title elementor-size-default\">IGR-IAE attended this event along with IAE France<\/h2>\t\t<\/div>\n\t\t\t\t<\/div>\n\t\t\t\t\t<\/div>\n\t\t<\/div>\n\t\t\t\t\t\t\t<\/div>\n\t\t<\/section>\n\t\t\t\t<section class=\"elementor-section elementor-top-section elementor-element elementor-element-5b3c797 elementor-section-boxed elementor-section-height-default elementor-section-height-default\" data-id=\"5b3c797\" data-element_type=\"section\">\n\t\t\t\t\t\t<div class=\"elementor-container elementor-column-gap-default\">\n\t\t\t\t\t<div class=\"elementor-column elementor-col-100 elementor-top-column elementor-element elementor-element-662a5cf\" data-id=\"662a5cf\" data-element_type=\"column\">\n\t\t\t<div class=\"elementor-widget-wrap elementor-element-populated\">\n\t\t\t\t\t\t\t\t<div class=\"elementor-element elementor-element-5ee1ebf elementor-widget elementor-widget-text-editor\" data-id=\"5ee1ebf\" data-element_type=\"widget\" data-widget_type=\"text-editor.default\">\n\t\t\t\t<div class=\"elementor-widget-container\">\n\t\t\t\t\t\t\t<p>IGR-IAE attended this event along with IAE France in order to meet and exchange with our present international partners. This was also the opportunity to finalize in particular :\u00a0University College Cork, Irlande; Chiba University, Japon;University of South-Eastern Norway, Norv\u00e8ge; Universidad de la Rep\u00fablica, Uruguay; Pontifical Catholic University of Parana, Br\u00e9sil; Universit\u00e9 de Talca, Chili.<\/p><p>It was an inspiring event, with over 6500 participants from approximately 90 countries. It was an incredible opportunity to connect with partners from different continents and explore new collaborations.<br \/>We&#8217;re committed to expanding our global network and fostering educational excellence worldwide.<\/p>\t\t\t\t\t\t<\/div>\n\t\t\t\t<\/div>\n\t\t\t\t\t<\/div>\n\t\t<\/div>\n\t\t\t\t\t\t\t<\/div>\n\t\t<\/section>\n\t\t\t\t<section class=\"elementor-section elementor-top-section elementor-element elementor-element-6da2b6e elementor-section-boxed elementor-section-height-default elementor-section-height-default\" data-id=\"6da2b6e\" data-element_type=\"section\">\n\t\t\t\t\t\t<div class=\"elementor-container elementor-column-gap-default\">\n\t\t\t\t\t<div class=\"elementor-column elementor-col-100 elementor-top-column elementor-element elementor-element-522c7fd\" data-id=\"522c7fd\" data-element_type=\"column\">\n\t\t\t<div class=\"elementor-widget-wrap elementor-element-populated\">\n\t\t\t\t\t\t\t\t<div class=\"elementor-element elementor-element-9651d89 elementor-widget elementor-widget-image-gallery\" data-id=\"9651d89\" data-element_type=\"widget\" data-widget_type=\"image-gallery.default\">\n\t\t\t\t<div class=\"elementor-widget-container\">\n\t\t\t\t\t<div class=\"elementor-image-gallery\">\n\t\t\t<div id='gallery-1' class='gallery galleryid-324137 gallery-columns-4 gallery-size-thumbnail'><figure class='gallery-item'>\n\t\t\t<div class='gallery-icon portrait'>\n\t\t\t\t<a data-elementor-open-lightbox=\"yes\" data-elementor-lightbox-slideshow=\"9651d89\" data-elementor-lightbox-title=\"1696504514275\" data-e-action-hash=\"#elementor-action%3Aaction%3Dlightbox%26settings%3DeyJpZCI6MzI0MTM4LCJ1cmwiOiJodHRwczpcL1wvd3d3Lmlnci51bml2LXJlbm5lcy5mclwvd3AtY29udGVudFwvdXBsb2Fkc1wvMjAyM1wvMTBcLzE2OTY1MDQ1MTQyNzUuanBnIiwic2xpZGVzaG93IjoiOTY1MWQ4OSJ9\" href='https:\/\/www.igr.univ-rennes.fr\/wp-content\/uploads\/2023\/10\/1696504514275.jpg'><img width=\"150\" height=\"150\" src=\"https:\/\/www.igr.univ-rennes.fr\/wp-content\/uploads\/2023\/10\/1696504514275-150x150.jpg\" class=\"attachment-thumbnail size-thumbnail\" alt=\"\" decoding=\"async\" srcset=\"https:\/\/www.igr.univ-rennes.fr\/wp-content\/uploads\/2023\/10\/1696504514275-150x150.jpg 150w, https:\/\/www.igr.univ-rennes.fr\/wp-content\/uploads\/2023\/10\/1696504514275-300x300.jpg 300w\" sizes=\"(max-width: 150px) 100vw, 150px\" \/><\/a>\n\t\t\t<\/div><\/figure><figure class='gallery-item'>\n\t\t\t<div class='gallery-icon landscape'>\n\t\t\t\t<a data-elementor-open-lightbox=\"yes\" data-elementor-lightbox-slideshow=\"9651d89\" data-elementor-lightbox-title=\"1696504514584\" data-e-action-hash=\"#elementor-action%3Aaction%3Dlightbox%26settings%3DeyJpZCI6MzI0MTQwLCJ1cmwiOiJodHRwczpcL1wvd3d3Lmlnci51bml2LXJlbm5lcy5mclwvd3AtY29udGVudFwvdXBsb2Fkc1wvMjAyM1wvMTBcLzE2OTY1MDQ1MTQ1ODQuanBnIiwic2xpZGVzaG93IjoiOTY1MWQ4OSJ9\" href='https:\/\/www.igr.univ-rennes.fr\/wp-content\/uploads\/2023\/10\/1696504514584.jpg'><img width=\"150\" height=\"150\" src=\"https:\/\/www.igr.univ-rennes.fr\/wp-content\/uploads\/2023\/10\/1696504514584-150x150.jpg\" class=\"attachment-thumbnail size-thumbnail\" alt=\"\" decoding=\"async\" srcset=\"https:\/\/www.igr.univ-rennes.fr\/wp-content\/uploads\/2023\/10\/1696504514584-150x150.jpg 150w, https:\/\/www.igr.univ-rennes.fr\/wp-content\/uploads\/2023\/10\/1696504514584-300x300.jpg 300w\" sizes=\"(max-width: 150px) 100vw, 150px\" \/><\/a>\n\t\t\t<\/div><\/figure><figure class='gallery-item'>\n\t\t\t<div class='gallery-icon landscape'>\n\t\t\t\t<a data-elementor-open-lightbox=\"yes\" data-elementor-lightbox-slideshow=\"9651d89\" data-elementor-lightbox-title=\"1684751765454\" data-e-action-hash=\"#elementor-action%3Aaction%3Dlightbox%26settings%3DeyJpZCI6MzI0MTU1LCJ1cmwiOiJodHRwczpcL1wvd3d3Lmlnci51bml2LXJlbm5lcy5mclwvd3AtY29udGVudFwvdXBsb2Fkc1wvMjAyM1wvMTBcLzE2ODQ3NTE3NjU0NTQucG5nIiwic2xpZGVzaG93IjoiOTY1MWQ4OSJ9\" href='https:\/\/www.igr.univ-rennes.fr\/wp-content\/uploads\/2023\/10\/1684751765454.png'><img width=\"150\" height=\"150\" src=\"https:\/\/www.igr.univ-rennes.fr\/wp-content\/uploads\/2023\/10\/1684751765454-150x150.png\" class=\"attachment-thumbnail size-thumbnail\" alt=\"\" decoding=\"async\" srcset=\"https:\/\/www.igr.univ-rennes.fr\/wp-content\/uploads\/2023\/10\/1684751765454-150x150.png 150w, https:\/\/www.igr.univ-rennes.fr\/wp-content\/uploads\/2023\/10\/1684751765454-300x300.png 300w\" sizes=\"(max-width: 150px) 100vw, 150px\" \/><\/a>\n\t\t\t<\/div><\/figure><figure class='gallery-item'>\n\t\t\t<div class='gallery-icon portrait'>\n\t\t\t\t<a data-elementor-open-lightbox=\"yes\" data-elementor-lightbox-slideshow=\"9651d89\" data-elementor-lightbox-title=\"1696504514890\" data-e-action-hash=\"#elementor-action%3Aaction%3Dlightbox%26settings%3DeyJpZCI6MzI0MTQyLCJ1cmwiOiJodHRwczpcL1wvd3d3Lmlnci51bml2LXJlbm5lcy5mclwvd3AtY29udGVudFwvdXBsb2Fkc1wvMjAyM1wvMTBcLzE2OTY1MDQ1MTQ4OTAuanBnIiwic2xpZGVzaG93IjoiOTY1MWQ4OSJ9\" href='https:\/\/www.igr.univ-rennes.fr\/wp-content\/uploads\/2023\/10\/1696504514890.jpg'><img width=\"150\" height=\"150\" src=\"https:\/\/www.igr.univ-rennes.fr\/wp-content\/uploads\/2023\/10\/1696504514890-150x150.jpg\" class=\"attachment-thumbnail size-thumbnail\" alt=\"\" decoding=\"async\" srcset=\"https:\/\/www.igr.univ-rennes.fr\/wp-content\/uploads\/2023\/10\/1696504514890-150x150.jpg 150w, https:\/\/www.igr.univ-rennes.fr\/wp-content\/uploads\/2023\/10\/1696504514890-300x300.jpg 300w\" sizes=\"(max-width: 150px) 100vw, 150px\" \/><\/a>\n\t\t\t<\/div><\/figure>\n\t\t<\/div>\n\t\t<\/div>\n\t\t\t\t<\/div>\n\t\t\t\t<\/div>\n\t\t\t\t\t<\/div>\n\t\t<\/div>\n\t\t\t\t\t\t\t<\/div>\n\t\t<\/section>\n\t\t\t\t\t\t\t<\/div>\n\t\t","protected":false},"excerpt":{"rendered":"<p>Laura SABBADO DA ROSA, Vice Dean for International Affairs at IGR-IAE, represented the school at the annual EAIE meeting.<\/p>\n","protected":false},"author":20,"featured_media":324142,"comment_status":"closed","ping_status":"closed","sticky":true,"template":"","format":"standard","meta":{"footnotes":""},"categories":[143],"tags":[],"yoast_head":"<!-- This site is optimized with the Yoast SEO plugin v21.1 - https:\/\/yoast.com\/wordpress\/plugins\/seo\/ -->\n<title>IGR-IAE Rennes attends the EAIE international fair in Rotterdam - IGR IAE Rennes<\/title>\n<meta name=\"robots\" content=\"index, follow, max-snippet:-1, max-image-preview:large, max-video-preview:-1\" \/>\n<link rel=\"canonical\" href=\"https:\/\/www.igr.univ-rennes.fr\/en\/igr-iae-rennes-attends-the-eaie-international-fair-in-rotterdam\/\" \/>\n<meta property=\"og:locale\" content=\"en_US\" \/>\n<meta property=\"og:type\" content=\"article\" \/>\n<meta property=\"og:title\" content=\"IGR-IAE Rennes attends the EAIE international fair in Rotterdam - IGR IAE Rennes\" \/>\n<meta property=\"og:description\" content=\"Laura SABBADO DA ROSA, Vice Dean for International Affairs at IGR-IAE, represented the school at the annual EAIE meeting.\" \/>\n<meta property=\"og:url\" content=\"https:\/\/www.igr.univ-rennes.fr\/en\/igr-iae-rennes-attends-the-eaie-international-fair-in-rotterdam\/\" \/>\n<meta property=\"og:site_name\" content=\"IGR IAE Rennes\" \/>\n<meta property=\"article:published_time\" content=\"2023-10-08T08:01:45+00:00\" \/>\n<meta property=\"article:modified_time\" content=\"2023-10-11T09:56:39+00:00\" \/>\n<meta property=\"og:image\" content=\"https:\/\/www.igr.univ-rennes.fr\/wp-content\/uploads\/2023\/10\/1696504514890.jpg\" \/>\n\t<meta property=\"og:image:width\" content=\"1280\" \/>\n\t<meta property=\"og:image:height\" content=\"1588\" \/>\n\t<meta property=\"og:image:type\" content=\"image\/jpeg\" \/>\n<meta name=\"author\" content=\"Aymeric Lachiver\" \/>\n<meta name=\"twitter:card\" content=\"summary_large_image\" \/>\n<meta name=\"twitter:label1\" content=\"Written by\" \/>\n\t<meta name=\"twitter:data1\" content=\"Aymeric Lachiver\" \/>\n\t<meta name=\"twitter:label2\" content=\"Est. reading time\" \/>\n\t<meta name=\"twitter:data2\" content=\"2 minutes\" \/>\n<script type=\"application\/ld+json\" class=\"yoast-schema-graph\">{\"@context\":\"https:\/\/schema.org\",\"@graph\":[{\"@type\":\"Article\",\"@id\":\"https:\/\/www.igr.univ-rennes.fr\/en\/igr-iae-rennes-attends-the-eaie-international-fair-in-rotterdam\/#article\",\"isPartOf\":{\"@id\":\"https:\/\/www.igr.univ-rennes.fr\/en\/igr-iae-rennes-attends-the-eaie-international-fair-in-rotterdam\/\"},\"author\":{\"name\":\"Aymeric Lachiver\",\"@id\":\"https:\/\/www.igr.univ-rennes.fr\/en\/#\/schema\/person\/0cbdb4434499f99979493cc4d8ed0c22\"},\"headline\":\"IGR-IAE Rennes attends the EAIE international fair in Rotterdam\",\"datePublished\":\"2023-10-08T08:01:45+00:00\",\"dateModified\":\"2023-10-11T09:56:39+00:00\",\"mainEntityOfPage\":{\"@id\":\"https:\/\/www.igr.univ-rennes.fr\/en\/igr-iae-rennes-attends-the-eaie-international-fair-in-rotterdam\/\"},\"wordCount\":165,\"publisher\":{\"@id\":\"https:\/\/www.igr.univ-rennes.fr\/en\/#organization\"},\"articleSection\":[\"International\"],\"inLanguage\":\"en-US\"},{\"@type\":\"WebPage\",\"@id\":\"https:\/\/www.igr.univ-rennes.fr\/en\/igr-iae-rennes-attends-the-eaie-international-fair-in-rotterdam\/\",\"url\":\"https:\/\/www.igr.univ-rennes.fr\/en\/igr-iae-rennes-attends-the-eaie-international-fair-in-rotterdam\/\",\"name\":\"IGR-IAE Rennes attends the EAIE international fair in Rotterdam - IGR IAE Rennes\",\"isPartOf\":{\"@id\":\"https:\/\/www.igr.univ-rennes.fr\/en\/#website\"},\"datePublished\":\"2023-10-08T08:01:45+00:00\",\"dateModified\":\"2023-10-11T09:56:39+00:00\",\"breadcrumb\":{\"@id\":\"https:\/\/www.igr.univ-rennes.fr\/en\/igr-iae-rennes-attends-the-eaie-international-fair-in-rotterdam\/#breadcrumb\"},\"inLanguage\":\"en-US\",\"potentialAction\":[{\"@type\":\"ReadAction\",\"target\":[\"https:\/\/www.igr.univ-rennes.fr\/en\/igr-iae-rennes-attends-the-eaie-international-fair-in-rotterdam\/\"]}]},{\"@type\":\"BreadcrumbList\",\"@id\":\"https:\/\/www.igr.univ-rennes.fr\/en\/igr-iae-rennes-attends-the-eaie-international-fair-in-rotterdam\/#breadcrumb\",\"itemListElement\":[{\"@type\":\"ListItem\",\"position\":1,\"name\":\"Home\",\"item\":\"https:\/\/www.igr.univ-rennes.fr\/en\/\"},{\"@type\":\"ListItem\",\"position\":2,\"name\":\"IGR-IAE Rennes attends the EAIE international fair in Rotterdam\"}]},{\"@type\":\"WebSite\",\"@id\":\"https:\/\/www.igr.univ-rennes.fr\/en\/#website\",\"url\":\"https:\/\/www.igr.univ-rennes.fr\/en\/\",\"name\":\"IGR IAE Rennes\",\"description\":\"\",\"publisher\":{\"@id\":\"https:\/\/www.igr.univ-rennes.fr\/en\/#organization\"},\"potentialAction\":[{\"@type\":\"SearchAction\",\"target\":{\"@type\":\"EntryPoint\",\"urlTemplate\":\"https:\/\/www.igr.univ-rennes.fr\/en\/?s={search_term_string}\"},\"query-input\":\"required name=search_term_string\"}],\"inLanguage\":\"en-US\"},{\"@type\":\"Organization\",\"@id\":\"https:\/\/www.igr.univ-rennes.fr\/en\/#organization\",\"name\":\"IGR IAE Rennes\",\"url\":\"https:\/\/www.igr.univ-rennes.fr\/en\/\",\"logo\":{\"@type\":\"ImageObject\",\"inLanguage\":\"en-US\",\"@id\":\"https:\/\/www.igr.univ-rennes.fr\/en\/#\/schema\/logo\/image\/\",\"url\":\"https:\/\/www.igr.univ-rennes.fr\/wp-content\/uploads\/2020\/06\/Logo-IGR-IAE-Rennes_Blanc-300dpi-RVB-e1597327228224.png\",\"contentUrl\":\"https:\/\/www.igr.univ-rennes.fr\/wp-content\/uploads\/2020\/06\/Logo-IGR-IAE-Rennes_Blanc-300dpi-RVB-e1597327228224.png\",\"width\":290,\"height\":107,\"caption\":\"IGR IAE Rennes\"},\"image\":{\"@id\":\"https:\/\/www.igr.univ-rennes.fr\/en\/#\/schema\/logo\/image\/\"}},{\"@type\":\"Person\",\"@id\":\"https:\/\/www.igr.univ-rennes.fr\/en\/#\/schema\/person\/0cbdb4434499f99979493cc4d8ed0c22\",\"name\":\"Aymeric Lachiver\",\"image\":{\"@type\":\"ImageObject\",\"inLanguage\":\"en-US\",\"@id\":\"https:\/\/www.igr.univ-rennes.fr\/en\/#\/schema\/person\/image\/\",\"url\":\"https:\/\/secure.gravatar.com\/avatar\/a32ec418265e9ce31d872b3b7417633a?s=96&d=mm&r=g\",\"contentUrl\":\"https:\/\/secure.gravatar.com\/avatar\/a32ec418265e9ce31d872b3b7417633a?s=96&d=mm&r=g\",\"caption\":\"Aymeric Lachiver\"},\"sameAs\":[\"https:\/\/www.igr.univ-rennes1.fr\/\"]}]}<\/script>\n<!-- \/ Yoast SEO plugin. -->","yoast_head_json":{"title":"IGR-IAE Rennes attends the EAIE international fair in Rotterdam - IGR IAE Rennes","robots":{"index":"index","follow":"follow","max-snippet":"max-snippet:-1","max-image-preview":"max-image-preview:large","max-video-preview":"max-video-preview:-1"},"canonical":"https:\/\/www.igr.univ-rennes.fr\/en\/igr-iae-rennes-attends-the-eaie-international-fair-in-rotterdam\/","og_locale":"en_US","og_type":"article","og_title":"IGR-IAE Rennes attends the EAIE international fair in Rotterdam - IGR IAE Rennes","og_description":"Laura SABBADO DA ROSA, Vice Dean for International Affairs at IGR-IAE, represented the school at the annual EAIE meeting.","og_url":"https:\/\/www.igr.univ-rennes.fr\/en\/igr-iae-rennes-attends-the-eaie-international-fair-in-rotterdam\/","og_site_name":"IGR IAE Rennes","article_published_time":"2023-10-08T08:01:45+00:00","article_modified_time":"2023-10-11T09:56:39+00:00","og_image":[{"width":1280,"height":1588,"url":"https:\/\/www.igr.univ-rennes.fr\/wp-content\/uploads\/2023\/10\/1696504514890.jpg","type":"image\/jpeg"}],"author":"Aymeric Lachiver","twitter_card":"summary_large_image","twitter_misc":{"Written by":"Aymeric Lachiver","Est. reading time":"2 minutes"},"schema":{"@context":"https:\/\/schema.org","@graph":[{"@type":"Article","@id":"https:\/\/www.igr.univ-rennes.fr\/en\/igr-iae-rennes-attends-the-eaie-international-fair-in-rotterdam\/#article","isPartOf":{"@id":"https:\/\/www.igr.univ-rennes.fr\/en\/igr-iae-rennes-attends-the-eaie-international-fair-in-rotterdam\/"},"author":{"name":"Aymeric Lachiver","@id":"https:\/\/www.igr.univ-rennes.fr\/en\/#\/schema\/person\/0cbdb4434499f99979493cc4d8ed0c22"},"headline":"IGR-IAE Rennes attends the EAIE international fair in Rotterdam","datePublished":"2023-10-08T08:01:45+00:00","dateModified":"2023-10-11T09:56:39+00:00","mainEntityOfPage":{"@id":"https:\/\/www.igr.univ-rennes.fr\/en\/igr-iae-rennes-attends-the-eaie-international-fair-in-rotterdam\/"},"wordCount":165,"publisher":{"@id":"https:\/\/www.igr.univ-rennes.fr\/en\/#organization"},"articleSection":["International"],"inLanguage":"en-US"},{"@type":"WebPage","@id":"https:\/\/www.igr.univ-rennes.fr\/en\/igr-iae-rennes-attends-the-eaie-international-fair-in-rotterdam\/","url":"https:\/\/www.igr.univ-rennes.fr\/en\/igr-iae-rennes-attends-the-eaie-international-fair-in-rotterdam\/","name":"IGR-IAE Rennes attends the EAIE international fair in Rotterdam - IGR IAE Rennes","isPartOf":{"@id":"https:\/\/www.igr.univ-rennes.fr\/en\/#website"},"datePublished":"2023-10-08T08:01:45+00:00","dateModified":"2023-10-11T09:56:39+00:00","breadcrumb":{"@id":"https:\/\/www.igr.univ-rennes.fr\/en\/igr-iae-rennes-attends-the-eaie-international-fair-in-rotterdam\/#breadcrumb"},"inLanguage":"en-US","potentialAction":[{"@type":"ReadAction","target":["https:\/\/www.igr.univ-rennes.fr\/en\/igr-iae-rennes-attends-the-eaie-international-fair-in-rotterdam\/"]}]},{"@type":"BreadcrumbList","@id":"https:\/\/www.igr.univ-rennes.fr\/en\/igr-iae-rennes-attends-the-eaie-international-fair-in-rotterdam\/#breadcrumb","itemListElement":[{"@type":"ListItem","position":1,"name":"Home","item":"https:\/\/www.igr.univ-rennes.fr\/en\/"},{"@type":"ListItem","position":2,"name":"IGR-IAE Rennes attends the EAIE international fair in Rotterdam"}]},{"@type":"WebSite","@id":"https:\/\/www.igr.univ-rennes.fr\/en\/#website","url":"https:\/\/www.igr.univ-rennes.fr\/en\/","name":"IGR IAE Rennes","description":"","publisher":{"@id":"https:\/\/www.igr.univ-rennes.fr\/en\/#organization"},"potentialAction":[{"@type":"SearchAction","target":{"@type":"EntryPoint","urlTemplate":"https:\/\/www.igr.univ-rennes.fr\/en\/?s={search_term_string}"},"query-input":"required name=search_term_string"}],"inLanguage":"en-US"},{"@type":"Organization","@id":"https:\/\/www.igr.univ-rennes.fr\/en\/#organization","name":"IGR IAE Rennes","url":"https:\/\/www.igr.univ-rennes.fr\/en\/","logo":{"@type":"ImageObject","inLanguage":"en-US","@id":"https:\/\/www.igr.univ-rennes.fr\/en\/#\/schema\/logo\/image\/","url":"https:\/\/www.igr.univ-rennes.fr\/wp-content\/uploads\/2020\/06\/Logo-IGR-IAE-Rennes_Blanc-300dpi-RVB-e1597327228224.png","contentUrl":"https:\/\/www.igr.univ-rennes.fr\/wp-content\/uploads\/2020\/06\/Logo-IGR-IAE-Rennes_Blanc-300dpi-RVB-e1597327228224.png","width":290,"height":107,"caption":"IGR IAE Rennes"},"image":{"@id":"https:\/\/www.igr.univ-rennes.fr\/en\/#\/schema\/logo\/image\/"}},{"@type":"Person","@id":"https:\/\/www.igr.univ-rennes.fr\/en\/#\/schema\/person\/0cbdb4434499f99979493cc4d8ed0c22","name":"Aymeric Lachiver","image":{"@type":"ImageObject","inLanguage":"en-US","@id":"https:\/\/www.igr.univ-rennes.fr\/en\/#\/schema\/person\/image\/","url":"https:\/\/secure.gravatar.com\/avatar\/a32ec418265e9ce31d872b3b7417633a?s=96&d=mm&r=g","contentUrl":"https:\/\/secure.gravatar.com\/avatar\/a32ec418265e9ce31d872b3b7417633a?s=96&d=mm&r=g","caption":"Aymeric Lachiver"},"sameAs":["https:\/\/www.igr.univ-rennes1.fr\/"]}]}},"_links":{"self":[{"href":"https:\/\/www.igr.univ-rennes.fr\/en\/wp-json\/wp\/v2\/posts\/324137"}],"collection":[{"href":"https:\/\/www.igr.univ-rennes.fr\/en\/wp-json\/wp\/v2\/posts"}],"about":[{"href":"https:\/\/www.igr.univ-rennes.fr\/en\/wp-json\/wp\/v2\/types\/post"}],"author":[{"embeddable":true,"href":"https:\/\/www.igr.univ-rennes.fr\/en\/wp-json\/wp\/v2\/users\/20"}],"replies":[{"embeddable":true,"href":"https:\/\/www.igr.univ-rennes.fr\/en\/wp-json\/wp\/v2\/comments?post=324137"}],"version-history":[{"count":11,"href":"https:\/\/www.igr.univ-rennes.fr\/en\/wp-json\/wp\/v2\/posts\/324137\/revisions"}],"predecessor-version":[{"id":324165,"href":"https:\/\/www.igr.univ-rennes.fr\/en\/wp-json\/wp\/v2\/posts\/324137\/revisions\/324165"}],"wp:featuredmedia":[{"embeddable":true,"href":"https:\/\/www.igr.univ-rennes.fr\/en\/wp-json\/wp\/v2\/media\/324142"}],"wp:attachment":[{"href":"https:\/\/www.igr.univ-rennes.fr\/en\/wp-json\/wp\/v2\/media?parent=324137"}],"wp:term":[{"taxonomy":"category","embeddable":true,"href":"https:\/\/www.igr.univ-rennes.fr\/en\/wp-json\/wp\/v2\/categories?post=324137"},{"taxonomy":"post_tag","embeddable":true,"href":"https:\/\/www.igr.univ-rennes.fr\/en\/wp-json\/wp\/v2\/tags?post=324137"}],"curies":[{"name":"wp","href":"https:\/\/api.w.org\/{rel}","templated":true}]}}